{"id":2881,"date":"2024-03-28T10:12:04","date_gmt":"2024-03-28T10:12:04","guid":{"rendered":"https:\/\/forumdeficiencia.guimaraes.pt\/?p=2881"},"modified":"2024-04-02T10:24:22","modified_gmt":"2024-04-02T10:24:22","slug":"assinados-29-acordos-de-cooperacao-com-os-centros-de-apoio-a-vida-independente","status":"publish","type":"post","link":"https:\/\/forumdeficiencia.guimaraes.pt\/?p=2881","title":{"rendered":"Assinados 29 acordos de coopera\u00e7\u00e3o com os Centros de Apoio \u00e0 Vida Independente"},"content":{"rendered":"\n<p>No \u00faltimo evento em que Ana Sofia Antunes participou na qualidade de Secret\u00e1ria de Estado para a Inclus\u00e3o foram assinados 29 acordos de coopera\u00e7\u00e3o com os Centros de Apoio \u00e0 Vida Independente que tornaram a assist\u00eancia pessoal para pessoas com defici\u00eancia uma resposta permanente da Seguran\u00e7a Social para pessoas com defici\u00eancia.<\/p>\n\n\n\n<!--more-->\n\n\n\n<p>Estes acordos prev\u00eam o alargamento do n\u00famero de horas de assist\u00eancia pessoal em cerca de 10 mil horas em rela\u00e7\u00e3o aos projetos-piloto anteriormente em vigor: existir\u00e1 um aumento de 94 mil horas mensais para as 104 mil horas agora contratualizadas.<\/p>\n\n\n\n<p>Dos atuais 1060 destinat\u00e1rios estima-se alcan\u00e7ar cerca de 1.250 destinat\u00e1rios e o consequente aumento de assistentes pessoais que agora totalizam os 788.<\/p>\n\n\n\n<p>Ana Sofia Antunes considera que sai do Governo \u201ccom a sensa\u00e7\u00e3o de dever cumprido\u201d: \u201cO Modelo de Apoio \u00e0 Vida Independente foi, de longe, de todos os projetos que passaram pelas minhas m\u00e3os, aquele que mais me marcou e realizou, profissional e pessoalmente\u201d, refere em nota deixada nas redes sociais.<\/p>\n\n\n\n<p>\u201cCada hist\u00f3ria de vida que conheci, que mudou para melhor, em virtude desta medida, \u00e9 tamb\u00e9m um pouco da minha hist\u00f3ria de vida\u201d, acrescenta considerando que o sonho de uma vida independente \u201ctornou-se real para muitos\u201d.<\/p>\n\n\n\n<p>A Secret\u00e1ria de Estado para a Inclus\u00e3o refere ainda que \u00e9 necess\u00e1rio que este projeto cres\u00e7a e que para o efeito \u00e9 necess\u00e1ria a uni\u00e3o de todas as pessoas \u201cna defesa intransigente dos direitos alcan\u00e7ados e contra qualquer tipo de regress\u00e3o\u201d.<\/p>\n\n\n\n<p>\u201cEu continuarei a minha miss\u00e3o, sempre a mesma, apenas ali do outro lado, noutra posi\u00e7\u00e3o\u201d, conclui.<\/p>\n\n\n\n<p>Uma das institui\u00e7\u00f5es que, a 14 de mar\u00e7o assinou, atrav\u00e9s do Centro Distrital de Braga da Seguran\u00e7a Social, um destes acordos de coopera\u00e7\u00e3o foi a AVI \u2013 Associa\u00e7\u00e3o Vida Independente, permitindo o desenvolvimento das atividades de Servi\u00e7o de Apoio \u00e0 Vida Independente e alargando a capacidade de resposta para 50 pessoas com defici\u00eancia ou incapacidade do distrito de Braga.<\/p>\n\n\n\n<p>Depois de cinco anos a funcionar como projeto-piloto, o CAVI da AVI pode agora finalmente assegurar este servi\u00e7o enquanto resposta permanente da Seguran\u00e7a Social para pessoas com defici\u00eancia.<\/p>\n","protected":false},"excerpt":{"rendered":"<p>No \u00faltimo evento em que Ana Sofia Antunes participou na qualidade de Secret\u00e1ria de Estado para a Inclus\u00e3o foram assinados 29 acordos de coopera\u00e7\u00e3o com os Centros de Apoio \u00e0 Vida Independente que tornaram a assist\u00eancia pessoal para pessoas com defici\u00eancia uma resposta permanente da Seguran\u00e7a Social para pessoas com defici\u00eancia.<\/p>\n","protected":false},"author":2,"featured_media":2882,"comment_status":"open","ping_status":"open","sticky":false,"template":"","format":"standard","meta":{"_monsterinsights_skip_tracking":false,"_monsterinsights_sitenote_active":false,"_monsterinsights_sitenote_note":"","_monsterinsights_sitenote_category":0,"footnotes":""},"categories":[1],"tags":[],"class_list":["post-2881","post","type-post","status-publish","format-standard","has-post-thumbnail","hentry","category-uncategorized"],"_links":{"self":[{"href":"https:\/\/forumdeficiencia.guimaraes.pt\/index.php?rest_route=\/wp\/v2\/posts\/2881","targetHints":{"allow":["GET"]}}],"collection":[{"href":"https:\/\/forumdeficiencia.guimaraes.pt\/index.php?rest_route=\/wp\/v2\/posts"}],"about":[{"href":"https:\/\/forumdeficiencia.guimaraes.pt\/index.php?rest_route=\/wp\/v2\/types\/post"}],"author":[{"embeddable":true,"href":"https:\/\/forumdeficiencia.guimaraes.pt\/index.php?rest_route=\/wp\/v2\/users\/2"}],"replies":[{"embeddable":true,"href":"https:\/\/forumdeficiencia.guimaraes.pt\/index.php?rest_route=%2Fwp%2Fv2%2Fcomments&post=2881"}],"version-history":[{"count":2,"href":"https:\/\/forumdeficiencia.guimaraes.pt\/index.php?rest_route=\/wp\/v2\/posts\/2881\/revisions"}],"predecessor-version":[{"id":2884,"href":"https:\/\/forumdeficiencia.guimaraes.pt\/index.php?rest_route=\/wp\/v2\/posts\/2881\/revisions\/2884"}],"wp:featuredmedia":[{"embeddable":true,"href":"https:\/\/forumdeficiencia.guimaraes.pt\/index.php?rest_route=\/wp\/v2\/media\/2882"}],"wp:attachment":[{"href":"https:\/\/forumdeficiencia.guimaraes.pt\/index.php?rest_route=%2Fwp%2Fv2%2Fmedia&parent=2881"}],"wp:term":[{"taxonomy":"category","embeddable":true,"href":"https:\/\/forumdeficiencia.guimaraes.pt\/index.php?rest_route=%2Fwp%2Fv2%2Fcategories&post=2881"},{"taxonomy":"post_tag","embeddable":true,"href":"https:\/\/forumdeficiencia.guimaraes.pt\/index.php?rest_route=%2Fwp%2Fv2%2Ftags&post=2881"}],"curies":[{"name":"wp","href":"https:\/\/api.w.org\/{rel}","templated":true}]}}