{"id":2910,"date":"2024-04-15T13:12:39","date_gmt":"2024-04-15T13:12:39","guid":{"rendered":"https:\/\/forumdeficiencia.guimaraes.pt\/?p=2910"},"modified":"2024-04-18T13:12:57","modified_gmt":"2024-04-18T13:12:57","slug":"debate-de-abril-ate-hoje-quais-os-caminhos-percorridos-na-deficiencia","status":"publish","type":"post","link":"https:\/\/forumdeficiencia.guimaraes.pt\/?p=2910","title":{"rendered":"<strong>Debate \u201cDe abril at\u00e9 hoje: Quais os caminhos percorridos na defici\u00eancia?\u201d<\/strong>"},"content":{"rendered":"\n<p>No dia 19 de abril \u00e0s 21h00, o Movimento Cidad\u00e3o Diferente promove um debate e partilha de experi\u00eancias quanto \u00e0s respostas sociais e educativas existentes para a defici\u00eancia antes de abril de 1974 e nos dias de hoje, assim como a import\u00e2ncia da prepara\u00e7\u00e3o das mesmas no futuro.<\/p>\n\n\n\n<!--more-->\n\n\n\n<p>Programa:<\/p>\n\n\n\n<p>Oradora | Helena Albuquerque &#8211; Presidente da Dire\u00e7\u00e3o da Humanitas<\/p>\n\n\n\n<p>Oradora | Lu\u00eds Roque &#8211; Presidente do Conselho de Administra\u00e7\u00e3o da CERCIFAF<\/p>\n\n\n\n<p>Oradora | Lia Ferreira &#8211; Coordenadora da Estrutura de Miss\u00e3o para a Promo\u00e7\u00e3o das Acessibilidades<\/p>\n\n\n\n<p>Oradora | Fausto Pereira &#8211; Presidente da Federa\u00e7\u00e3o Portuguesa de Desporto para Pessoas com Defici\u00eancia<\/p>\n\n\n\n<p>Moderador | Miguel Azevedo &#8211; Coordenador do Movimento Cidad\u00e3o Diferente<\/p>\n\n\n\n<p>O evento ser\u00e1\u00a0em formato online e as inscri\u00e7\u00f5es, embora gratuitas, s\u00e3o obrigat\u00f3rias <a href=\"https:\/\/docs.google.com\/forms\/d\/e\/1FAIpQLSfqtRHcsmZfU1Ghn0zcG_1OJ75u1F51GwlnYU0dKCXl104rfQ\/viewform\">AQUI<\/a><\/p>\n\n\n\n<figure class=\"wp-block-embed\"><div class=\"wp-block-embed__wrapper\">\nhttps:\/\/docs.google.com\/forms\/d\/e\/1FAIpQLSfqtRHcsmZfU1Ghn0zcG_1OJ75u1F51GwlnYU0dKCXl104rfQ\/viewform\n<\/div><\/figure>\n","protected":false},"excerpt":{"rendered":"<p>No dia 19 de abril \u00e0s 21h00, o Movimento Cidad\u00e3o Diferente promove um debate e partilha de experi\u00eancias quanto \u00e0s respostas sociais e educativas existentes para a defici\u00eancia antes de abril de 1974 e nos dias de hoje, assim como a import\u00e2ncia da prepara\u00e7\u00e3o das mesmas no futuro.<\/p>\n","protected":false},"author":2,"featured_media":2911,"comment_status":"open","ping_status":"open","sticky":false,"template":"","format":"standard","meta":{"_monsterinsights_skip_tracking":false,"_monsterinsights_sitenote_active":false,"_monsterinsights_sitenote_note":"","_monsterinsights_sitenote_category":0,"footnotes":""},"categories":[1],"tags":[],"class_list":["post-2910","post","type-post","status-publish","format-standard","has-post-thumbnail","hentry","category-uncategorized"],"_links":{"self":[{"href":"https:\/\/forumdeficiencia.guimaraes.pt\/index.php?rest_route=\/wp\/v2\/posts\/2910","targetHints":{"allow":["GET"]}}],"collection":[{"href":"https:\/\/forumdeficiencia.guimaraes.pt\/index.php?rest_route=\/wp\/v2\/posts"}],"about":[{"href":"https:\/\/forumdeficiencia.guimaraes.pt\/index.php?rest_route=\/wp\/v2\/types\/post"}],"author":[{"embeddable":true,"href":"https:\/\/forumdeficiencia.guimaraes.pt\/index.php?rest_route=\/wp\/v2\/users\/2"}],"replies":[{"embeddable":true,"href":"https:\/\/forumdeficiencia.guimaraes.pt\/index.php?rest_route=%2Fwp%2Fv2%2Fcomments&post=2910"}],"version-history":[{"count":1,"href":"https:\/\/forumdeficiencia.guimaraes.pt\/index.php?rest_route=\/wp\/v2\/posts\/2910\/revisions"}],"predecessor-version":[{"id":2912,"href":"https:\/\/forumdeficiencia.guimaraes.pt\/index.php?rest_route=\/wp\/v2\/posts\/2910\/revisions\/2912"}],"wp:featuredmedia":[{"embeddable":true,"href":"https:\/\/forumdeficiencia.guimaraes.pt\/index.php?rest_route=\/wp\/v2\/media\/2911"}],"wp:attachment":[{"href":"https:\/\/forumdeficiencia.guimaraes.pt\/index.php?rest_route=%2Fwp%2Fv2%2Fmedia&parent=2910"}],"wp:term":[{"taxonomy":"category","embeddable":true,"href":"https:\/\/forumdeficiencia.guimaraes.pt\/index.php?rest_route=%2Fwp%2Fv2%2Fcategories&post=2910"},{"taxonomy":"post_tag","embeddable":true,"href":"https:\/\/forumdeficiencia.guimaraes.pt\/index.php?rest_route=%2Fwp%2Fv2%2Ftags&post=2910"}],"curies":[{"name":"wp","href":"https:\/\/api.w.org\/{rel}","templated":true}]}}