{"id":2913,"date":"2024-04-15T05:00:00","date_gmt":"2024-04-15T05:00:00","guid":{"rendered":"https:\/\/forumdeficiencia.guimaraes.pt\/?p=2913"},"modified":"2024-04-18T17:01:05","modified_gmt":"2024-04-18T17:01:05","slug":"misericordia-de-guimaraes-participou-no-programa-praca-da-alegria","status":"publish","type":"post","link":"https:\/\/forumdeficiencia.guimaraes.pt\/?p=2913","title":{"rendered":"<strong>Miseric\u00f3rdia de Guimar\u00e3es participou no programa &#8220;Pra\u00e7a da Alegria&#8221;<\/strong>"},"content":{"rendered":"\n<p>Alguns utentes do Centro de Atividades e Capacita\u00e7\u00e3o para a Inclus\u00e3o e Lar Residencial Alecrim da Santa Casa da Miseric\u00f3rdia de Guimar\u00e3es participaram no programa &#8220;Pra\u00e7a da Alegria&#8221; da RTP acompanhados pela Mes\u00e1ria e Tesoureira da institui\u00e7\u00e3o, Cristina Cepa, e pela animadora C\u00e1tia Bastos.<\/p>\n\n\n\n<!--more-->\n\n\n\n<p>Este momento televisivo foi importante para esta entidade vimaranense partilhar um pouco do trabalho que realiza, diariamente, com os respetivos utentes.<\/p>\n\n\n\n<p>\u201cAl\u00e9m disso, tivemos o gosto de visitar a Miseric\u00f3rdia de Gaia, onde fomos calorosamente acolhidos e tivemos oportunidade de realizar uma pequena demonstra\u00e7\u00e3o de como s\u00e3o feitos os produtos da marca &#8220;Simplesmente Amor By ALecrim&#8221; revelando a ess\u00eancia do nosso trabalho e o talento envolvido em cada cria\u00e7\u00e3o\u201d, refere a organiza\u00e7\u00e3o nas redes sociais.<\/p>\n\n\n\n<figure class=\"wp-block-image size-large\"><img loading=\"lazy\" decoding=\"async\" width=\"1024\" height=\"683\" src=\"https:\/\/forumdeficiencia.guimaraes.pt\/wp-content\/uploads\/2024\/04\/praca_alegria01-1024x683.jpg\" alt=\"\" class=\"wp-image-2915\" srcset=\"https:\/\/forumdeficiencia.guimaraes.pt\/wp-content\/uploads\/2024\/04\/praca_alegria01-1024x683.jpg 1024w, https:\/\/forumdeficiencia.guimaraes.pt\/wp-content\/uploads\/2024\/04\/praca_alegria01-300x200.jpg 300w, https:\/\/forumdeficiencia.guimaraes.pt\/wp-content\/uploads\/2024\/04\/praca_alegria01-768x512.jpg 768w, https:\/\/forumdeficiencia.guimaraes.pt\/wp-content\/uploads\/2024\/04\/praca_alegria01-1536x1024.jpg 1536w, https:\/\/forumdeficiencia.guimaraes.pt\/wp-content\/uploads\/2024\/04\/praca_alegria01.jpg 2048w\" sizes=\"auto, (max-width: 1024px) 100vw, 1024px\" \/><\/figure>\n","protected":false},"excerpt":{"rendered":"<p>Alguns utentes do Centro de Atividades e Capacita\u00e7\u00e3o para a Inclus\u00e3o e Lar Residencial Alecrim da Santa Casa da Miseric\u00f3rdia de Guimar\u00e3es participaram no programa &#8220;Pra\u00e7a da Alegria&#8221; da RTP acompanhados pela Mes\u00e1ria e Tesoureira da institui\u00e7\u00e3o, Cristina Cepa, e pela animadora C\u00e1tia Bastos.<\/p>\n","protected":false},"author":2,"featured_media":2914,"comment_status":"open","ping_status":"open","sticky":false,"template":"","format":"standard","meta":{"_monsterinsights_skip_tracking":false,"_monsterinsights_sitenote_active":false,"_monsterinsights_sitenote_note":"","_monsterinsights_sitenote_category":0,"footnotes":""},"categories":[1],"tags":[],"class_list":["post-2913","post","type-post","status-publish","format-standard","has-post-thumbnail","hentry","category-uncategorized"],"_links":{"self":[{"href":"https:\/\/forumdeficiencia.guimaraes.pt\/index.php?rest_route=\/wp\/v2\/posts\/2913","targetHints":{"allow":["GET"]}}],"collection":[{"href":"https:\/\/forumdeficiencia.guimaraes.pt\/index.php?rest_route=\/wp\/v2\/posts"}],"about":[{"href":"https:\/\/forumdeficiencia.guimaraes.pt\/index.php?rest_route=\/wp\/v2\/types\/post"}],"author":[{"embeddable":true,"href":"https:\/\/forumdeficiencia.guimaraes.pt\/index.php?rest_route=\/wp\/v2\/users\/2"}],"replies":[{"embeddable":true,"href":"https:\/\/forumdeficiencia.guimaraes.pt\/index.php?rest_route=%2Fwp%2Fv2%2Fcomments&post=2913"}],"version-history":[{"count":1,"href":"https:\/\/forumdeficiencia.guimaraes.pt\/index.php?rest_route=\/wp\/v2\/posts\/2913\/revisions"}],"predecessor-version":[{"id":2916,"href":"https:\/\/forumdeficiencia.guimaraes.pt\/index.php?rest_route=\/wp\/v2\/posts\/2913\/revisions\/2916"}],"wp:featuredmedia":[{"embeddable":true,"href":"https:\/\/forumdeficiencia.guimaraes.pt\/index.php?rest_route=\/wp\/v2\/media\/2914"}],"wp:attachment":[{"href":"https:\/\/forumdeficiencia.guimaraes.pt\/index.php?rest_route=%2Fwp%2Fv2%2Fmedia&parent=2913"}],"wp:term":[{"taxonomy":"category","embeddable":true,"href":"https:\/\/forumdeficiencia.guimaraes.pt\/index.php?rest_route=%2Fwp%2Fv2%2Fcategories&post=2913"},{"taxonomy":"post_tag","embeddable":true,"href":"https:\/\/forumdeficiencia.guimaraes.pt\/index.php?rest_route=%2Fwp%2Fv2%2Ftags&post=2913"}],"curies":[{"name":"wp","href":"https:\/\/api.w.org\/{rel}","templated":true}]}}