{"id":2921,"date":"2024-04-15T14:32:00","date_gmt":"2024-04-15T14:32:00","guid":{"rendered":"https:\/\/forumdeficiencia.guimaraes.pt\/?p=2921"},"modified":"2024-04-18T17:33:28","modified_gmt":"2024-04-18T17:33:28","slug":"andebol-cercigui-campea-regional-e-clipp-conquista-4-o-lugar","status":"publish","type":"post","link":"https:\/\/forumdeficiencia.guimaraes.pt\/?p=2921","title":{"rendered":"<strong>Andebol: Cercigui campe\u00e3 regional e<\/strong> <strong>CLIPP conquista 4.\u00ba lugar <\/strong>"},"content":{"rendered":"\n<p>Os atletas da Cercigui competiram com as equipas do Centro Social de Brito\/ Clube Desportivo Xico Andebol, CERCI Braga\/ABC de Braga em jogos muito disputados e arrecadou o primeiro lugar, subindo para a primeira divis\u00e3o.&nbsp;<\/p>\n\n\n\n<!--more-->\n\n\n\n<p>A equipa do Centro Social de Brito-CLIPP\/ <a href=\"https:\/\/www.facebook.com\/CDXicoAndebol?__cft__%5b0%5d=AZXjNxpMfQAta5tYqsR6eQ26aoGmyAscwLIvML9BXXL2I3feAjYU4EqrKRGIWsQjEKh3zEnfn997CltYTUFLakV6bpVAhoygU-FjCr5lfay-iLQIALkWK2XVXouZjh4In88yrlBsRyYlFm1zjgz5zWhx0-37b-A1hqidY4DpIocSOYtsiwCUEXa9Zx4y1QLjcNn6Lo9M2UB2kpLnnAN_6JtP&amp;__tn__=-%5dK-R\">Clube Desportivo Xico Andebol<\/a>, conquistou o 4.\u00ba lugar, nesta \u00faltima jornada da 2.\u00aa Divis\u00e3o do Campeonato Regional Norte de Andebol-5, em Braga.<\/p>\n\n\n\n<p>\u201cConclu\u00edmos assim a nossa participa\u00e7\u00e3o nesta \u00e9poca de 2023\/2024, em mais uma jornada desportiva com muito esfor\u00e7o, dedica\u00e7\u00e3o e acima de tudo companheirismo entre todos os participantes\u201d, refere a institui\u00e7\u00e3o nas redes sociais.<\/p>\n\n\n\n<p>Esta 3.\u00aa jornada deste campeonato realizou-se no Pavilh\u00e3o Fl\u00e1vio S\u00e1 Leite, em Braga e serviu para apurar a classifica\u00e7\u00e3o final da divis\u00e3o.<\/p>\n\n\n\n<p>Este campeonato de Andebol-5 \u00e9 organizado pela Associa\u00e7\u00e3o Nacional de Desporto para Desenvolvimento Intelectual (ANDDI), no \u00e2mbito do programa de Andebol para a Defici\u00eancia Intelectual do projeto Andebol4all da Federa\u00e7\u00e3o de Andebol de Portugal.<\/p>\n","protected":false},"excerpt":{"rendered":"<p>Os atletas da Cercigui competiram com as equipas do Centro Social de Brito\/ Clube Desportivo Xico Andebol, CERCI Braga\/ABC de Braga em jogos muito disputados e arrecadou o primeiro lugar, subindo para a primeira divis\u00e3o.&nbsp;<\/p>\n","protected":false},"author":2,"featured_media":2922,"comment_status":"open","ping_status":"open","sticky":false,"template":"","format":"standard","meta":{"_monsterinsights_skip_tracking":false,"_monsterinsights_sitenote_active":false,"_monsterinsights_sitenote_note":"","_monsterinsights_sitenote_category":0,"footnotes":""},"categories":[1],"tags":[],"class_list":["post-2921","post","type-post","status-publish","format-standard","has-post-thumbnail","hentry","category-uncategorized"],"_links":{"self":[{"href":"https:\/\/forumdeficiencia.guimaraes.pt\/index.php?rest_route=\/wp\/v2\/posts\/2921","targetHints":{"allow":["GET"]}}],"collection":[{"href":"https:\/\/forumdeficiencia.guimaraes.pt\/index.php?rest_route=\/wp\/v2\/posts"}],"about":[{"href":"https:\/\/forumdeficiencia.guimaraes.pt\/index.php?rest_route=\/wp\/v2\/types\/post"}],"author":[{"embeddable":true,"href":"https:\/\/forumdeficiencia.guimaraes.pt\/index.php?rest_route=\/wp\/v2\/users\/2"}],"replies":[{"embeddable":true,"href":"https:\/\/forumdeficiencia.guimaraes.pt\/index.php?rest_route=%2Fwp%2Fv2%2Fcomments&post=2921"}],"version-history":[{"count":2,"href":"https:\/\/forumdeficiencia.guimaraes.pt\/index.php?rest_route=\/wp\/v2\/posts\/2921\/revisions"}],"predecessor-version":[{"id":2924,"href":"https:\/\/forumdeficiencia.guimaraes.pt\/index.php?rest_route=\/wp\/v2\/posts\/2921\/revisions\/2924"}],"wp:featuredmedia":[{"embeddable":true,"href":"https:\/\/forumdeficiencia.guimaraes.pt\/index.php?rest_route=\/wp\/v2\/media\/2922"}],"wp:attachment":[{"href":"https:\/\/forumdeficiencia.guimaraes.pt\/index.php?rest_route=%2Fwp%2Fv2%2Fmedia&parent=2921"}],"wp:term":[{"taxonomy":"category","embeddable":true,"href":"https:\/\/forumdeficiencia.guimaraes.pt\/index.php?rest_route=%2Fwp%2Fv2%2Fcategories&post=2921"},{"taxonomy":"post_tag","embeddable":true,"href":"https:\/\/forumdeficiencia.guimaraes.pt\/index.php?rest_route=%2Fwp%2Fv2%2Ftags&post=2921"}],"curies":[{"name":"wp","href":"https:\/\/api.w.org\/{rel}","templated":true}]}}