{"id":294,"date":"2019-01-15T10:41:01","date_gmt":"2019-01-15T10:41:01","guid":{"rendered":"http:\/\/forumdeficiencia.guimaraes.pt\/?p=294"},"modified":"2019-01-16T18:12:19","modified_gmt":"2019-01-16T18:12:19","slug":"cercigui-inscricoes-abertas-para-formacao-profissional","status":"publish","type":"post","link":"https:\/\/forumdeficiencia.guimaraes.pt\/?p=294","title":{"rendered":"Cercigui: inscri\u00e7\u00f5es abertas para forma\u00e7\u00e3o profissional"},"content":{"rendered":"<p>O Centro de Reabilita\u00e7\u00e3o e Forma\u00e7\u00e3o Profissional da Cooperativa de Educa\u00e7\u00e3o e Reabilita\u00e7\u00e3o de Cidad\u00e3os com Incapacidades de Guimar\u00e3es est\u00e1 a recrutar formandos &#8211; que ter\u00e3o direito a bolsa de forma\u00e7\u00e3o, subs\u00eddio de refei\u00e7\u00e3o e de transporte, assim como seguro de acidentes pessoais &#8211; para quatro cursos: Serigrafia\/Estamparia, Assistente Operacional, Serralharia Civil e Assistente Administrativo.<\/p>\n<p><!--more-->\u201cOs cursos de forma\u00e7\u00e3o t\u00eam uma componente de forma\u00e7\u00e3o tecnol\u00f3gica, forma\u00e7\u00e3o para a integra\u00e7\u00e3o e forma\u00e7\u00e3o de base, complementada por forma\u00e7\u00e3o em contexto de trabalho que \u00e9 realizada em empresas e entidades que s\u00e3o parceiras da CERCIGUI\u201d, refere a respons\u00e1vel de marketing e comunica\u00e7\u00e3o da institui\u00e7\u00e3o, Clara Paredes Castro.<\/p>\n<p>Para mais informa\u00e7\u00f5es e inscri\u00e7\u00f5es, os interessados dever\u00e3o contactar a Cercigui atrav\u00e9s do email cercigui@cercigui.pt ou pelo telefone 253 423370.<\/p>\n<p>A Cercigui est\u00e1 tamb\u00e9m \u00e0 procura de volunt\u00e1rios dos 18 aos 30 anos para 10 meses de Servi\u00e7o Volunt\u00e1rio Europeu em Forly, It\u00e1lia. Todas as despesas associadas ao voluntariado na institui\u00e7\u00e3o Consorzio Solidariet\u00e0 Sociale ser\u00e3o pagas. Os interessados a preencher a vaga dever\u00e3o enviar o curr\u00edculo e a carta de motiva\u00e7\u00e3o para o email cercigui@cercigui.pt. Mais informa\u00e7\u00f5es em <a href=\"https:\/\/cercigui.pt\/sve\/\">https:\/\/cercigui.pt\/sve\/<\/a><\/p>\n<p><strong>Novidades para 2019<\/strong><\/p>\n<div id=\"attachment_303\" style=\"width: 310px\" class=\"wp-caption alignleft\"><img loading=\"lazy\" decoding=\"async\" aria-describedby=\"caption-attachment-303\" class=\"wp-image-303 size-medium\" src=\"http:\/\/forumdeficiencia.guimaraes.pt\/wp-content\/uploads\/2019\/01\/agenda_cercigui.fw_-300x169.png\" alt=\"\" width=\"300\" height=\"169\" srcset=\"https:\/\/forumdeficiencia.guimaraes.pt\/wp-content\/uploads\/2019\/01\/agenda_cercigui.fw_-300x169.png 300w, https:\/\/forumdeficiencia.guimaraes.pt\/wp-content\/uploads\/2019\/01\/agenda_cercigui.fw_-768x432.png 768w, https:\/\/forumdeficiencia.guimaraes.pt\/wp-content\/uploads\/2019\/01\/agenda_cercigui.fw_.png 996w\" sizes=\"auto, (max-width: 300px) 100vw, 300px\" \/><p id=\"caption-attachment-303\" class=\"wp-caption-text\">Elaborada pelos clientes da Cercigui esta agenda custa 12 euros e pode ser adquirida na loja Cercigui da Rua Raul Brand\u00e3o ou por mensagem privada no Facebook.<\/p><\/div>\n<p>A institui\u00e7\u00e3o d\u00e1 desde logo uma sugest\u00e3o: \u201cPara que n\u00e3o lhe falte nada e possa ter sempre a melhor programa\u00e7\u00e3o di\u00e1ria, o melhor ser\u00e1 ter uma agenda solid\u00e1ria CERCIGUI sempre \u00e0 m\u00e3o\u201d, l\u00ea-se no site. Elaborada pelos clientes da Cercigui esta agenda custa 12 euros e pode ser adquirida na loja Cercigui da Rua Raul Brand\u00e3o ou por mensagem privada no Facebook.<\/p>\n<p>Outra novidade \u00e9 o facto da vertente solid\u00e1ria do TRAIL Erdal\/Urgezes Solid\u00e1rio que se realiza a 12 de maio ser a favor da Cercigui. Esta prova pretende promover o desporto, o contacto com a natureza, as boas pr\u00e1ticas ambientais e divulgar o potencial da montanha da Penha. \u201cO TRAIL Erdal\/Urgezes Solid\u00e1rio tamb\u00e9m ajuda institui\u00e7\u00f5es da regi\u00e3o e em 2019, a Cercigui foi escolhida. Este \u00e9 mais um evento inserido no nosso calend\u00e1rio &#8220;2019 &#8211; Ano Cercigui para a Inclus\u00e3o&#8221;, l\u00ea-se no Facebook da Cercigui.<\/p>\n<p>&nbsp;<\/p>\n<div id=\"attachment_298\" style=\"width: 244px\" class=\"wp-caption alignleft\"><img loading=\"lazy\" decoding=\"async\" aria-describedby=\"caption-attachment-298\" class=\"size-medium wp-image-298\" src=\"http:\/\/forumdeficiencia.guimaraes.pt\/wp-content\/uploads\/2019\/01\/cercigui_reis.fw_-234x300.png\" alt=\"\" width=\"234\" height=\"300\" srcset=\"https:\/\/forumdeficiencia.guimaraes.pt\/wp-content\/uploads\/2019\/01\/cercigui_reis.fw_-234x300.png 234w, https:\/\/forumdeficiencia.guimaraes.pt\/wp-content\/uploads\/2019\/01\/cercigui_reis.fw_.png 374w\" sizes=\"auto, (max-width: 234px) 100vw, 234px\" \/><p id=\"caption-attachment-298\" class=\"wp-caption-text\">Foi a 11 de janeiro que os formandos do Curso de Cozinha do Centro de Reabilita\u00e7\u00e3o e Forma\u00e7\u00e3o Profissional da Cercigui quiseram tamb\u00e9m assinalar o Dia de Reis com as reisadas na sede da institui\u00e7\u00e3o.<\/p><\/div>\n<p>&nbsp;<\/p>\n","protected":false},"excerpt":{"rendered":"<p>O Centro de Reabilita\u00e7\u00e3o e Forma\u00e7\u00e3o Profissional da Cooperativa de Educa\u00e7\u00e3o e Reabilita\u00e7\u00e3o de Cidad\u00e3os com Incapacidades de Guimar\u00e3es est\u00e1 a recrutar formandos &#8211; que ter\u00e3o direito a bolsa de forma\u00e7\u00e3o, subs\u00eddio de refei\u00e7\u00e3o e de transporte, assim como seguro de acidentes pessoais &#8211; para quatro cursos: Serigrafia\/Estamparia, Assistente Operacional, Serralharia Civil e Assistente Administrativo.<\/p>\n","protected":false},"author":2,"featured_media":295,"comment_status":"open","ping_status":"open","sticky":false,"template":"","format":"standard","meta":{"_monsterinsights_skip_tracking":false,"_monsterinsights_sitenote_active":false,"_monsterinsights_sitenote_note":"","_monsterinsights_sitenote_category":0,"footnotes":""},"categories":[3],"tags":[],"class_list":["post-294","post","type-post","status-publish","format-standard","has-post-thumbnail","hentry","category-noticias"],"_links":{"self":[{"href":"https:\/\/forumdeficiencia.guimaraes.pt\/index.php?rest_route=\/wp\/v2\/posts\/294","targetHints":{"allow":["GET"]}}],"collection":[{"href":"https:\/\/forumdeficiencia.guimaraes.pt\/index.php?rest_route=\/wp\/v2\/posts"}],"about":[{"href":"https:\/\/forumdeficiencia.guimaraes.pt\/index.php?rest_route=\/wp\/v2\/types\/post"}],"author":[{"embeddable":true,"href":"https:\/\/forumdeficiencia.guimaraes.pt\/index.php?rest_route=\/wp\/v2\/users\/2"}],"replies":[{"embeddable":true,"href":"https:\/\/forumdeficiencia.guimaraes.pt\/index.php?rest_route=%2Fwp%2Fv2%2Fcomments&post=294"}],"version-history":[{"count":13,"href":"https:\/\/forumdeficiencia.guimaraes.pt\/index.php?rest_route=\/wp\/v2\/posts\/294\/revisions"}],"predecessor-version":[{"id":419,"href":"https:\/\/forumdeficiencia.guimaraes.pt\/index.php?rest_route=\/wp\/v2\/posts\/294\/revisions\/419"}],"wp:featuredmedia":[{"embeddable":true,"href":"https:\/\/forumdeficiencia.guimaraes.pt\/index.php?rest_route=\/wp\/v2\/media\/295"}],"wp:attachment":[{"href":"https:\/\/forumdeficiencia.guimaraes.pt\/index.php?rest_route=%2Fwp%2Fv2%2Fmedia&parent=294"}],"wp:term":[{"taxonomy":"category","embeddable":true,"href":"https:\/\/forumdeficiencia.guimaraes.pt\/index.php?rest_route=%2Fwp%2Fv2%2Fcategories&post=294"},{"taxonomy":"post_tag","embeddable":true,"href":"https:\/\/forumdeficiencia.guimaraes.pt\/index.php?rest_route=%2Fwp%2Fv2%2Ftags&post=294"}],"curies":[{"name":"wp","href":"https:\/\/api.w.org\/{rel}","templated":true}]}}