{"id":2995,"date":"2024-05-15T05:01:00","date_gmt":"2024-05-15T05:01:00","guid":{"rendered":"https:\/\/forumdeficiencia.guimaraes.pt\/?p=2995"},"modified":"2024-05-15T23:02:57","modified_gmt":"2024-05-15T23:02:57","slug":"e-com-arte-que-alecrim-celebra-o-dia-nacional-da-pessoa-com-deficiencia-intelectual","status":"publish","type":"post","link":"https:\/\/forumdeficiencia.guimaraes.pt\/?p=2995","title":{"rendered":"<strong>\u00c9 com arte que Alecrim celebra o Dia Nacional da Pessoa com Defici\u00eancia Intelectual<\/strong>"},"content":{"rendered":"\n<p>Na passada sexta-feira, dia 10 de maio, a Miseric\u00f3rdia de Guimar\u00e3es, atrav\u00e9s de um grupo de utentes do CACI | Lar Residencial Alecrim, participou na &#8220;I Mostra de Atividades Performativas &#8211; PERFORM\u2019ARTE&#8221;, organizada pela Cercimarco Crl.<\/p>\n\n\n\n<!--more-->\n\n\n\n<p>O evento teve lugar no EMERGENTE &#8211; Centro Cultural, em Marco de Canaveses, e teve como objetivo celebrar, pela primeira vez, o Dia Nacional da Pessoa com Defici\u00eancia Intelectual, destacando e valorizando as habilidades art\u00edsticas destas pessoas.<\/p>\n\n\n\n<p>O sarau foi uma oportunidade para os participantes demonstrarem todo o seu talento art\u00edstico, enchendo o espa\u00e7o com momentos de m\u00fasica, dan\u00e7a, teatro e outras formas de express\u00e3o criativa. A iniciativa n\u00e3o s\u00f3 proporcionou um palco para os artistas com defici\u00eancia intelectual mostrarem suas capacidades, mas tamb\u00e9m foi uma forma de promover a inclus\u00e3o e sensibilizar a comunidade para a import\u00e2ncia de reconhecer e valorizar o potencial de cada indiv\u00edduo, independentemente das suas diferen\u00e7as.<\/p>\n\n\n\n<p>A Humanitas \u2013 Federa\u00e7\u00e3o Portuguesa para a Defici\u00eancia Mental considerou pertinente a cria\u00e7\u00e3o do Dia Nacional da Pessoa Defici\u00eancia Intelectual, a celebrar anualmente no dia 10 de maio, e para o efeito lan\u00e7ou uma peti\u00e7\u00e3o que reuniu mais de 10.000 assinaturas.<\/p>\n\n\n\n<p>A escolha do dia foi motivada pela hist\u00f3ria de Dwight Mackintosh que nasceu a 10 de maio de 1906 em Hayward, Calif\u00f3rnia e, aos 16 anos de idade depois de diagnosticado com \u201catraso mental\u201d foi institucionalizado num hospital psiqui\u00e1trico.<\/p>\n\n\n\n<p>Dwight Mackintosh sempre demonstrou grande propens\u00e3o para as artes e por isso frequentou a partir de 1978 um Centro de Arte em Oakland, Calif\u00f3rnia, criado para artistas com defici\u00eancia, tornando-se num dos pintores mais conhecidos dos USA influenciando decididamente o panorama art\u00edstico contempor\u00e2neo.<\/p>\n\n\n\n<p>Os subscritores desta peti\u00e7\u00e3o com a cria\u00e7\u00e3o do Dia Nacional da Pessoa com Defici\u00eancia Intelectual no dia 10 de maio pretenderam, \u201catrav\u00e9s da hist\u00f3ria deste artista, valorizar e representar a pessoa com defici\u00eancia intelectual, no seu todo, as suas capacidades e a sua forma de ser\u201d.<\/p>\n","protected":false},"excerpt":{"rendered":"<p>Na passada sexta-feira, dia 10 de maio, a Miseric\u00f3rdia de Guimar\u00e3es, atrav\u00e9s de um grupo de utentes do CACI | Lar Residencial Alecrim, participou na &#8220;I Mostra de Atividades Performativas &#8211; PERFORM\u2019ARTE&#8221;, organizada pela Cercimarco Crl.<\/p>\n","protected":false},"author":2,"featured_media":2996,"comment_status":"open","ping_status":"open","sticky":false,"template":"","format":"standard","meta":{"_monsterinsights_skip_tracking":false,"_monsterinsights_sitenote_active":false,"_monsterinsights_sitenote_note":"","_monsterinsights_sitenote_category":0,"footnotes":""},"categories":[1],"tags":[],"class_list":["post-2995","post","type-post","status-publish","format-standard","has-post-thumbnail","hentry","category-uncategorized"],"_links":{"self":[{"href":"https:\/\/forumdeficiencia.guimaraes.pt\/index.php?rest_route=\/wp\/v2\/posts\/2995","targetHints":{"allow":["GET"]}}],"collection":[{"href":"https:\/\/forumdeficiencia.guimaraes.pt\/index.php?rest_route=\/wp\/v2\/posts"}],"about":[{"href":"https:\/\/forumdeficiencia.guimaraes.pt\/index.php?rest_route=\/wp\/v2\/types\/post"}],"author":[{"embeddable":true,"href":"https:\/\/forumdeficiencia.guimaraes.pt\/index.php?rest_route=\/wp\/v2\/users\/2"}],"replies":[{"embeddable":true,"href":"https:\/\/forumdeficiencia.guimaraes.pt\/index.php?rest_route=%2Fwp%2Fv2%2Fcomments&post=2995"}],"version-history":[{"count":1,"href":"https:\/\/forumdeficiencia.guimaraes.pt\/index.php?rest_route=\/wp\/v2\/posts\/2995\/revisions"}],"predecessor-version":[{"id":2997,"href":"https:\/\/forumdeficiencia.guimaraes.pt\/index.php?rest_route=\/wp\/v2\/posts\/2995\/revisions\/2997"}],"wp:featuredmedia":[{"embeddable":true,"href":"https:\/\/forumdeficiencia.guimaraes.pt\/index.php?rest_route=\/wp\/v2\/media\/2996"}],"wp:attachment":[{"href":"https:\/\/forumdeficiencia.guimaraes.pt\/index.php?rest_route=%2Fwp%2Fv2%2Fmedia&parent=2995"}],"wp:term":[{"taxonomy":"category","embeddable":true,"href":"https:\/\/forumdeficiencia.guimaraes.pt\/index.php?rest_route=%2Fwp%2Fv2%2Fcategories&post=2995"},{"taxonomy":"post_tag","embeddable":true,"href":"https:\/\/forumdeficiencia.guimaraes.pt\/index.php?rest_route=%2Fwp%2Fv2%2Ftags&post=2995"}],"curies":[{"name":"wp","href":"https:\/\/api.w.org\/{rel}","templated":true}]}}