{"id":3078,"date":"2024-07-16T13:18:54","date_gmt":"2024-07-16T13:18:54","guid":{"rendered":"https:\/\/forumdeficiencia.guimaraes.pt\/?p=3078"},"modified":"2024-07-18T13:19:18","modified_gmt":"2024-07-18T13:19:18","slug":"santos-populares-nas-instituicoes-vimaranenses","status":"publish","type":"post","link":"https:\/\/forumdeficiencia.guimaraes.pt\/?p=3078","title":{"rendered":"Santos Populares nas institui\u00e7\u00f5es vimaranenses"},"content":{"rendered":"\n<p>Junho \u00e9 o m\u00eas de Santo Ant\u00f3nio, S\u00e3o Jo\u00e3o e S\u00e3o Pedro e para celebrar estes santos populares nada melhor do que um bom bailarico. E foi o que a Cercigui, o Centro de Atividades e Capacita\u00e7\u00e3o para a Inclus\u00e3o e do Lar Residencial Alecrim, val\u00eancias da Santa Casa da Miseric\u00f3rdia de Guimar\u00e3es e o Centro e Lar Inclusivos do Polo do Para\u00edso (CLIPP) do Centro Social de Brito fizeram para cumprir a tradi\u00e7\u00e3o e fazer a festa.<strong><\/strong><\/p>\n\n\n\n<!--more-->\n\n\n\n<p>Os eventos destas entidades vimaranenses contaram com deliciosos almo\u00e7os recheados da tradicional carne e sardinha e muita anima\u00e7\u00e3o e o tradicional bailarico, que fez todos dan\u00e7arem e se divertirem. Os sorrisos nos rostos dos participantes atestam a alegria e o entusiasmo vivenciados nestes arraiais.<\/p>\n\n\n\n\n\n<figure class=\"wp-block-gallery has-nested-images columns-default is-cropped wp-block-gallery-1 is-layout-flex wp-block-gallery-is-layout-flex\">\n<figure class=\"wp-block-image size-large\"><img loading=\"lazy\" decoding=\"async\" width=\"1024\" height=\"683\" data-id=\"3081\" src=\"https:\/\/forumdeficiencia.guimaraes.pt\/wp-content\/uploads\/2024\/07\/alecrimsjoao-1024x683.jpg\" alt=\"\" class=\"wp-image-3081\" srcset=\"https:\/\/forumdeficiencia.guimaraes.pt\/wp-content\/uploads\/2024\/07\/alecrimsjoao-1024x683.jpg 1024w, https:\/\/forumdeficiencia.guimaraes.pt\/wp-content\/uploads\/2024\/07\/alecrimsjoao-300x200.jpg 300w, https:\/\/forumdeficiencia.guimaraes.pt\/wp-content\/uploads\/2024\/07\/alecrimsjoao-768x512.jpg 768w, https:\/\/forumdeficiencia.guimaraes.pt\/wp-content\/uploads\/2024\/07\/alecrimsjoao-1536x1024.jpg 1536w, https:\/\/forumdeficiencia.guimaraes.pt\/wp-content\/uploads\/2024\/07\/alecrimsjoao.jpg 2048w\" sizes=\"auto, (max-width: 1024px) 100vw, 1024px\" \/><\/figure>\n\n\n\n<figure class=\"wp-block-image size-large\"><img loading=\"lazy\" decoding=\"async\" width=\"1024\" height=\"768\" data-id=\"3080\" src=\"https:\/\/forumdeficiencia.guimaraes.pt\/wp-content\/uploads\/2024\/07\/S.Joao_cercigui-1024x768.jpg\" alt=\"\" class=\"wp-image-3080\" srcset=\"https:\/\/forumdeficiencia.guimaraes.pt\/wp-content\/uploads\/2024\/07\/S.Joao_cercigui-1024x768.jpg 1024w, https:\/\/forumdeficiencia.guimaraes.pt\/wp-content\/uploads\/2024\/07\/S.Joao_cercigui-300x225.jpg 300w, https:\/\/forumdeficiencia.guimaraes.pt\/wp-content\/uploads\/2024\/07\/S.Joao_cercigui-768x576.jpg 768w, https:\/\/forumdeficiencia.guimaraes.pt\/wp-content\/uploads\/2024\/07\/S.Joao_cercigui-1536x1152.jpg 1536w, https:\/\/forumdeficiencia.guimaraes.pt\/wp-content\/uploads\/2024\/07\/S.Joao_cercigui.jpg 2048w\" sizes=\"auto, (max-width: 1024px) 100vw, 1024px\" \/><\/figure>\n<\/figure>\n","protected":false},"excerpt":{"rendered":"<p>Junho \u00e9 o m\u00eas de Santo Ant\u00f3nio, S\u00e3o Jo\u00e3o e S\u00e3o Pedro e para celebrar estes santos populares nada melhor do que um bom bailarico. E foi o que a Cercigui, o Centro de Atividades e Capacita\u00e7\u00e3o para a Inclus\u00e3o e do Lar Residencial Alecrim, val\u00eancias da Santa Casa da Miseric\u00f3rdia de Guimar\u00e3es e o [&hellip;]<\/p>\n","protected":false},"author":2,"featured_media":3079,"comment_status":"open","ping_status":"open","sticky":false,"template":"","format":"standard","meta":{"_monsterinsights_skip_tracking":false,"_monsterinsights_sitenote_active":false,"_monsterinsights_sitenote_note":"","_monsterinsights_sitenote_category":0,"footnotes":""},"categories":[1],"tags":[],"class_list":["post-3078","post","type-post","status-publish","format-standard","has-post-thumbnail","hentry","category-uncategorized"],"_links":{"self":[{"href":"https:\/\/forumdeficiencia.guimaraes.pt\/index.php?rest_route=\/wp\/v2\/posts\/3078","targetHints":{"allow":["GET"]}}],"collection":[{"href":"https:\/\/forumdeficiencia.guimaraes.pt\/index.php?rest_route=\/wp\/v2\/posts"}],"about":[{"href":"https:\/\/forumdeficiencia.guimaraes.pt\/index.php?rest_route=\/wp\/v2\/types\/post"}],"author":[{"embeddable":true,"href":"https:\/\/forumdeficiencia.guimaraes.pt\/index.php?rest_route=\/wp\/v2\/users\/2"}],"replies":[{"embeddable":true,"href":"https:\/\/forumdeficiencia.guimaraes.pt\/index.php?rest_route=%2Fwp%2Fv2%2Fcomments&post=3078"}],"version-history":[{"count":2,"href":"https:\/\/forumdeficiencia.guimaraes.pt\/index.php?rest_route=\/wp\/v2\/posts\/3078\/revisions"}],"predecessor-version":[{"id":3083,"href":"https:\/\/forumdeficiencia.guimaraes.pt\/index.php?rest_route=\/wp\/v2\/posts\/3078\/revisions\/3083"}],"wp:featuredmedia":[{"embeddable":true,"href":"https:\/\/forumdeficiencia.guimaraes.pt\/index.php?rest_route=\/wp\/v2\/media\/3079"}],"wp:attachment":[{"href":"https:\/\/forumdeficiencia.guimaraes.pt\/index.php?rest_route=%2Fwp%2Fv2%2Fmedia&parent=3078"}],"wp:term":[{"taxonomy":"category","embeddable":true,"href":"https:\/\/forumdeficiencia.guimaraes.pt\/index.php?rest_route=%2Fwp%2Fv2%2Fcategories&post=3078"},{"taxonomy":"post_tag","embeddable":true,"href":"https:\/\/forumdeficiencia.guimaraes.pt\/index.php?rest_route=%2Fwp%2Fv2%2Ftags&post=3078"}],"curies":[{"name":"wp","href":"https:\/\/api.w.org\/{rel}","templated":true}]}}