{"id":3126,"date":"2024-08-08T15:17:56","date_gmt":"2024-08-08T15:17:56","guid":{"rendered":"https:\/\/forumdeficiencia.guimaraes.pt\/?p=3126"},"modified":"2024-08-08T15:24:10","modified_gmt":"2024-08-08T15:24:10","slug":"3126","status":"publish","type":"post","link":"https:\/\/forumdeficiencia.guimaraes.pt\/?p=3126","title":{"rendered":"<strong>A lista de praias acess\u00edveis para desfrutar do ver\u00e3o<\/strong>"},"content":{"rendered":"\n<p>Ainda n\u00e3o \u00e9 conhecida a listagem de praias acess\u00edveis que concorreram ao Galard\u00e3o Praia Acess\u00edvel 2024, mas para que o ver\u00e3o seja mais fresco, \u00e9 poss\u00edvel consultar a lista de praias que em 2023 foram reconhecidas por criarem condi\u00e7\u00f5es para os banhistas com defici\u00eancia.<\/p>\n\n\n\n<!--more-->\n\n\n\n<p><strong>1.1 REGI\u00c3O HIDROGR\u00c1FICA DO NORTE \u2013 53 praias:\u00a0 40 costeiras e 13 interiores<\/strong><\/p>\n\n\n\n<p><a>PRAIAS COSTEIRAS:<\/a><\/p>\n\n\n\n<p>Caminha<\/p>\n\n\n\n<p>Vila Praia de \u00c2ncora \u2013<em> Com cadeira anf\u00edbia<\/em><\/p>\n\n\n\n<p>Caminha &#8211; Foz do Minho &#8211; <em>Com cadeira anf\u00edbia<\/em><\/p>\n\n\n\n<p>Moledo (Sul)&nbsp; \u2013 <em>Com cadeira anf\u00edbia<\/em><\/p>\n\n\n\n<p>Viana do Castelo<\/p>\n\n\n\n<p>Carre\u00e7o \u2013 <em>Com cadeira anf\u00edbia<\/em><\/p>\n\n\n\n<p>Cabedelo \u2013<em> Com cadeira anf\u00edbia<\/em><\/p>\n\n\n\n<p>Esposende<\/p>\n\n\n\n<p>Ap\u00falia \u2013<em> Com cadeira anf\u00edbia<\/em><\/p>\n\n\n\n<p>Marinhas-Cep\u00e3es \u2013<em> Com cadeira anf\u00edbia<\/em><\/p>\n\n\n\n<p>P\u00f3voa de Varzim<\/p>\n\n\n\n<p>Zona Urbana Norte (Praia Verde) <em>\u2013 Com cadeira anf\u00edbia e servi\u00e7o de apoio ao banho<\/em><\/p>\n\n\n\n<p>&nbsp;Zona Urbana Sul I (Praia do Carvalhido)<em> \u2013 Com cadeira anf\u00edbia<\/em><\/p>\n\n\n\n<p>Zona Urbana Sul II (Praia Redonda\/Leix\u00e3o)<em> \u2013 Com cadeira anf\u00edbia e servi\u00e7o de apoio ao banho<\/em><\/p>\n\n\n\n<p>Lagoa (Praia da Lagoa)<em> \u2013 Com cadeira anf\u00edbia e servi\u00e7o de apoio ao banho (a pedido)<\/em><\/p>\n\n\n\n<p>Paim\u00f3 <em>\u2013 Com cadeira anf\u00edbia e servi\u00e7o de apoio ao banho<\/em><\/p>\n\n\n\n<p>Qui\u00e3o (Praia do Esteiro) <em>\u2013 Com cadeira anf\u00edbia<\/em><\/p>\n\n\n\n<p>Fragosa (P\u00e9rola Azul) <em>\u2013 Com cadeira anf\u00edbia e servi\u00e7o de apoio ao banho<\/em><\/p>\n\n\n\n<p>Vila do Conde<\/p>\n\n\n\n<p>Mindelo (Mindelo) \u2013<em> Com cadeira anf\u00edbia<\/em><\/p>\n\n\n\n<p>Vila Ch\u00e3 (S\u00e3o Paio\/Moreir\u00f3) \u2013 <em>Com cadeira anf\u00edbia<\/em><\/p>\n\n\n\n<p>Frente Urbana Sul (Turismo)\u2013 <em>Com cadeira anf\u00edbia<\/em><\/p>\n\n\n\n<p>Frente Urbana Sul (Sr.\u00aa da Guia) <em>\u2013 Com cadeira anf\u00edbia<\/em><\/p>\n\n\n\n<p>Labruge<em> \u2013 Com cadeira anf\u00edbia<\/em><\/p>\n\n\n\n<p>Matosinhos<\/p>\n\n\n\n<p>Pedras do Corgo \u2013<em> Com cadeira anf\u00edbia<\/em><\/p>\n\n\n\n<p>Marreco <em>\u2013 Com cadeira anf\u00edbia<\/em><\/p>\n\n\n\n<p>Cabo do Mundo \u2013<em> Com cadeira anf\u00edbia<\/em><\/p>\n\n\n\n<p><em>Angeiras Norte <\/em>\u2013<em> Com cadeira anf\u00edbia (nova)<\/em><\/p>\n\n\n\n<p><em>Aterro (nova)<\/em> \u2013<em> Com cadeira anf\u00edbia (nova)<\/em><\/p>\n\n\n\n<p><em>Le\u00e7a da Palmeira <\/em>\u2013<em> Com cadeira anf\u00edbia<\/em><\/p>\n\n\n\n<p><em>Matosinhos <\/em>\u2013<em> Com cadeira anf\u00edbia (nova)<\/em><\/p>\n\n\n\n<p><em>Funt\u00e3o <\/em>\u2013<em> Com cadeira anf\u00edbia (nova)<\/em><\/p>\n\n\n\n<p><em>Agudela <\/em>\u2013<em> Com cadeira anf\u00edbia (nova)<\/em><\/p>\n\n\n\n<p><em>&nbsp;<\/em>Porto<\/p>\n\n\n\n<p>Homem do Leme \u2013<em> Com cadeira anf\u00edbia e servi\u00e7o de apoio ao banho<\/em><\/p>\n\n\n\n<p>Foz (Praia do Carneiro) <em>\u2013 Com cadeira anf\u00edbia e servi\u00e7o de apoio ao banho&nbsp;<\/em><\/p>\n\n\n\n<p>Vila Nova de Gaia<\/p>\n\n\n\n<p>Salgueiros &#8211; \u2013<em> Com cadeira anf\u00edbia e servi\u00e7o de apoio ao banho<\/em><\/p>\n\n\n\n<p>Aguda \u2013<em> Com cadeira anf\u00edbia e servi\u00e7o de apoio ao banho<\/em><\/p>\n\n\n\n<p>Miramar (Norte) \u2013<em> Com cadeira anf\u00edbia e servi\u00e7o de apoio ao banho<\/em><\/p>\n\n\n\n<p>Canide Norte (Sereia da Costa Verde) \u2013 <em>Com cadeira anf\u00edbia e servi\u00e7o de apoio ao banho<\/em><\/p>\n\n\n\n<p>Senhor da Pedra \u2013 <em>Com cadeira anf\u00edbia e servi\u00e7o de apoio ao banho<\/em><\/p>\n\n\n\n<p>Valadares Sul (Sindicato) <em>\u2013 Com cadeira anf\u00edbia e servi\u00e7o de apoio ao banho<\/em><\/p>\n\n\n\n<p>Espinho<\/p>\n\n\n\n<p>Espinho &#8211; Ba\u00eda \u2013<em> Com cadeira anf\u00edbia e servi\u00e7o de apoio ao banho<\/em><\/p>\n\n\n\n<p>Espinho \u2013 Rua 37<em> &#8211; Com cadeira anf\u00edbia<\/em><\/p>\n\n\n\n<p>Espinho \u2013 Frente Azul<em> &#8211; Com cadeira anf\u00edbia e servi\u00e7o de apoio ao banho<\/em><\/p>\n\n\n\n<p>Seca <em>(nova)<\/em><\/p>\n\n\n\n<p><a>PRAIAS INTERIORES:<\/a><\/p>\n\n\n\n<p>Braga<\/p>\n\n\n\n<p>&nbsp;Ada\u00fafe \u2013<em> Com cadeira anf\u00edbia e servi\u00e7o de apoio ao banho<\/em><\/p>\n\n\n\n<p>Merelim S. Paio \u2013<em> Com cadeira anf\u00edbia<\/em><\/p>\n\n\n\n<p>Ponte do Bico &#8211; <em>Com cadeira anf\u00edbia<\/em><\/p>\n\n\n\n<p>Freixo-de-Espada-\u00e0-Cinta<\/p>\n\n\n\n<p>Congida \u2013<em> Com cadeira anf\u00edbia<\/em><\/p>\n\n\n\n<p>Macedo de Cavaleiros<\/p>\n\n\n\n<p>Fraga da Pegada \u2013<em> Com cadeira anf\u00edbia e andarilho anf\u00edbio<\/em><\/p>\n\n\n\n<p>Ribeira \u2013<em> Com cadeira anf\u00edbia<\/em><\/p>\n\n\n\n<p>Fafe<\/p>\n\n\n\n<p>Albufeira de Queimadela \u2013<em> Com cadeira anf\u00edbia<\/em><\/p>\n\n\n\n<p>Valpa\u00e7os<\/p>\n\n\n\n<p>Raba\u00e7al &#8211; <em>Com cadeira anf\u00edbia<\/em><\/p>\n\n\n\n<p>Mirandela<\/p>\n\n\n\n<p>Praia Fluvial Arquiteto Albino Mendo &#8211; <em>Com cadeira anf\u00edbia<\/em><\/p>\n\n\n\n<p>Vila Verde<\/p>\n\n\n\n<p>Prado \u2013 Faial<em> \u2013 Com cadeira anf\u00edbia<\/em><\/p>\n\n\n\n<p>P\u00f3voa de Lanhoso<\/p>\n\n\n\n<p>Verim<em> \u2013 Com cadeira anf\u00edbia<\/em><\/p>\n\n\n\n<p>Ponte da Barca<\/p>\n\n\n\n<p>Ponte da barca<em> \u2013 Com cadeira anf\u00edbia<\/em><\/p>\n\n\n\n<p>Marco de Canaveses<\/p>\n\n\n\n<p>Bitetos \u2013<em> Com cadeira anfibia<\/em><\/p>\n\n\n\n<p><a><strong>1.2 REGI\u00c3O HIDROGR\u00c1FICA DO CENTRO \u2013 47 praias &#8211; 21 costeiras e 26 interiores<\/strong><\/a><\/p>\n\n\n\n<p><a>PRAIAS COSTEIRAS OU DE TRANSI\u00c7\u00c3O:<\/a><\/p>\n\n\n\n<p>Ovar<\/p>\n\n\n\n<p>Furadouro<\/p>\n\n\n\n<p>Esmoriz \u2013 <em>Com cadeira anf\u00edbia<\/em><\/p>\n\n\n\n<p>Cortega\u00e7a \u2013<em> Com cadeira anf\u00edbia<\/em><\/p>\n\n\n\n<p>Murtosa<\/p>\n\n\n\n<p>&nbsp;Torreira \u2013 <em>Com cadeira anf\u00edbia<\/em><\/p>\n\n\n\n<p>Monte Branco \u2013 <em>Com cadeira anf\u00edbia<\/em><\/p>\n\n\n\n<p>Bico \u2013 <em>Com cadeira anf\u00edbia<\/em><\/p>\n\n\n\n<p>Aveiro<\/p>\n\n\n\n<p>S\u00e3o Jacinto \u2013 <em>Com cadeira anf\u00edbia<\/em><\/p>\n\n\n\n<p>\u00cdlhavo<\/p>\n\n\n\n<p>Barra Sul &#8211; Norte\u2013<em> Com cadeira anf\u00edbia<\/em><\/p>\n\n\n\n<p>Costa Nova<\/p>\n\n\n\n<p>Vagos<\/p>\n\n\n\n<p>Vagueira \u2013<em> Com cadeira anf\u00edbia<\/em><\/p>\n\n\n\n<p>Are\u00e3o <em>\u2013 Com cadeira anf\u00edbia<\/em><\/p>\n\n\n\n<p>Mira<\/p>\n\n\n\n<p>Mira &#8211; Norte \u2013<em> Com cadeira anf\u00edbia<\/em><\/p>\n\n\n\n<p>Cantanhede<\/p>\n\n\n\n<p>Tocha \u2013<em> Com cadeira anf\u00edbia<\/em><\/p>\n\n\n\n<p>Figueira da Foz<\/p>\n\n\n\n<p>Quiaios<\/p>\n\n\n\n<p>Buarcos<em> \u2013 Com cadeira anf\u00edbia<\/em><\/p>\n\n\n\n<p>Torre do Rel\u00f3gio<\/p>\n\n\n\n<p>Tamargueira<\/p>\n\n\n\n<p>Cabedelo <em>(nova)<\/em><\/p>\n\n\n\n<p>Pombal<\/p>\n\n\n\n<p>Osso da Baleia \u2013<em> Com cadeira anf\u00edbia e canadianas anf\u00edbias<\/em><\/p>\n\n\n\n<p>Leiria<\/p>\n\n\n\n<p>Pedr\u00f3g\u00e3o &#8211; Centro \u2013<em> Com cadeira anf\u00edbia<\/em><\/p>\n\n\n\n<p>Marinha Grande<\/p>\n\n\n\n<p>Vieira &#8211;<em> Com cadeira anf\u00edbia<\/em><\/p>\n\n\n\n<p><a>PRAIAS INTERIORES:<\/a><\/p>\n\n\n\n<p>&nbsp;Guarda <em>(NOTA: consultar este concelho tamb\u00e9m na Regi\u00e3o Hidrogr\u00e1fica do Tejo e Oeste)<\/em><\/p>\n\n\n\n<p>Aldeia Vi\u00e7osa &#8211; <em>Com cadeira anf\u00edbia<\/em><\/p>\n\n\n\n<p>Arganil<\/p>\n\n\n\n<p>Pomares<\/p>\n\n\n\n<p>Cascalheira &#8211; Secarias<\/p>\n\n\n\n<p>Coja &#8211; <em>Com cadeira anf\u00edbia<\/em><\/p>\n\n\n\n<p>Benfeita<\/p>\n\n\n\n<p>Sever do Vouga<\/p>\n\n\n\n<p>Quinta do Barco \u2013<em> Com cadeira anf\u00edbia<\/em><\/p>\n\n\n\n<p>Lous\u00e3<\/p>\n\n\n\n<p>&nbsp;Bogueira \u2013<em> Com cadeira anf\u00edbia<\/em><\/p>\n\n\n\n<p>&nbsp;Senhora da Piedade \u2013<em> Com cadeira anf\u00edbia<\/em><\/p>\n\n\n\n<p>Senhora da Gra\u00e7a \u2013<em> Com cadeira anf\u00edbia<\/em><\/p>\n\n\n\n<p>Penela<\/p>\n\n\n\n<p>Lou\u00e7a\u00ednha \u2013 <em>Com cadeira anf\u00edbia<\/em><\/p>\n\n\n\n<p>Penacova<\/p>\n\n\n\n<p>Reconquinho \u2013 <em>Com cadeira anf\u00edbia<\/em><\/p>\n\n\n\n<p>Vimeiro<\/p>\n\n\n\n<p>G\u00f3is<\/p>\n\n\n\n<p>Canaveias \u2013 <em>Com cadeira anf\u00edbia<\/em><\/p>\n\n\n\n<p>Peneda \u2013<em> Com cadeira anf\u00edbia<\/em><\/p>\n\n\n\n<p>Coimbra<\/p>\n\n\n\n<p>Palheiros e Zorro <em>\u2013 Com cadeira anf\u00edbia<\/em><\/p>\n\n\n\n<p>Rebolim<\/p>\n\n\n\n<p>Oliveira Hospital<\/p>\n\n\n\n<p>Av\u00f4 (Picoto) \u2013 <em>Com cadeira anf\u00edbia<\/em> <em>e andarilho anf\u00edbio<\/em><\/p>\n\n\n\n<p>Alvoco das V\u00e1rzeas \u2013 <em>Com cadeira anf\u00edbia<\/em><\/p>\n\n\n\n<p>S. Sebasti\u00e3o da Feira<\/p>\n\n\n\n<p>S. Gi\u00e3o<\/p>\n\n\n\n<p>Seia<\/p>\n\n\n\n<p>Lapa dos Dinheiros <em>\u2013 Com cadeira anf\u00edbia<\/em><\/p>\n\n\n\n<p>Loriga <em>\u2013 Com cadeira anf\u00edbia<\/em><\/p>\n\n\n\n<p>Sandomil<\/p>\n\n\n\n<p>T\u00e1bua<\/p>\n\n\n\n<p>Ronqueira \u2013 <em>Com cadeira anf\u00edbia<\/em><\/p>\n\n\n\n<p>Santa Maria da feira<\/p>\n\n\n\n<p>Mamoa<\/p>\n\n\n\n<p>Vale de Cambra<\/p>\n\n\n\n<p>Rio Caima &#8211; Burg\u00e3es<\/p>\n\n\n\n<p><strong>1.3 REGI\u00c3O HIDROGR\u00c1FICA DO TEJO E OESTE \u2013 TOTAL: 48 praias &#8211; 36 costeiras e 12 interiores<\/strong><\/p>\n\n\n\n<p><a>PRAIAS COSTEIRAS:<\/a><\/p>\n\n\n\n<p>Caldas da Rainha<\/p>\n\n\n\n<p>Praia do Mar <em>\u2013 Com cadeira anf\u00edbia<\/em><\/p>\n\n\n\n<p>Foz do Arelho &#8211; Lagoa <em>\u2013 Com cadeira anf\u00edbia<\/em><\/p>\n\n\n\n<p>\u00d3bidos<\/p>\n\n\n\n<p>Bom Sucesso <em>\u2013 Com cadeira anf\u00edbia<\/em><\/p>\n\n\n\n<p>Nazar\u00e9<\/p>\n\n\n\n<p>Nazar\u00e9 <em>\u2013 Com cadeira anf\u00edbia<\/em><\/p>\n\n\n\n<p>Salgado<\/p>\n\n\n\n<p>Peniche<\/p>\n\n\n\n<p>Med\u00e3o &#8211; Supertubos <em>\u2013 Com cadeira anf\u00edbia<\/em><\/p>\n\n\n\n<p>Baleal-Sul <em>\u2013 Com cadeira anf\u00edbia<\/em><\/p>\n\n\n\n<p>Lourinh\u00e3<\/p>\n\n\n\n<p>Areia Branca <em>\u2013 Com cadeira anf\u00edbia<\/em><\/p>\n\n\n\n<p>Areia Branca \u2013 Foz&nbsp; <em>\u2013 Com cadeira anf\u00edbia<\/em><\/p>\n\n\n\n<p>Areal Sul <em>\u2013 Com cadeira anf\u00edbia<\/em><\/p>\n\n\n\n<p>&nbsp;Peralta <em>\u2013 Com cadeira anf\u00edbia<\/em><\/p>\n\n\n\n<p>Alcoba\u00e7a<\/p>\n\n\n\n<p>S\u00e3o Martinho do Porto <em>\u2013 Com cadeira anf\u00edbia e servi\u00e7o de apoio ao banho<\/em><\/p>\n\n\n\n<p>Paredes de Vit\u00f3ria \u2013<em> Com cadeira anf\u00edbia<\/em><\/p>\n\n\n\n<p>Torres Vedras<\/p>\n\n\n\n<p>Santa Rita-Norte<em> \u2013 Com cadeira anf\u00edbia<\/em><\/p>\n\n\n\n<p>Santa Cruz &#8211; Centro<em> \u2013 Com cadeira anf\u00edbia<\/em><\/p>\n\n\n\n<p>Santa Helena <em>\u2013 Com cadeira anf\u00edbia<\/em><\/p>\n\n\n\n<p>Navio <em>\u2013 Com andarilho anf\u00edbio<\/em><\/p>\n\n\n\n<p>Santa Rita-Sul <em>\u2013 Com cadeira anf\u00edbia<\/em><\/p>\n\n\n\n<p>Foz do Sisandro &#8211; Mar<\/p>\n\n\n\n<p>F\u00edsica &#8211; Santa Cruz <em>\u2013 Com cadeira anf\u00edbia<\/em><\/p>\n\n\n\n<p>Praia Azul <em>\u2013 Com cadeira anf\u00edbia<\/em><\/p>\n\n\n\n<p>Porto Novo <em>\u2013 Com cadeira anf\u00edbia<\/em><\/p>\n\n\n\n<p>Mafra<\/p>\n\n\n\n<p>Foz do Lizandro &#8211; Mar \u2013<em> Com cadeira anf\u00edbia<\/em><\/p>\n\n\n\n<p>S\u00e3o Louren\u00e7o <em>\u2013 Com cadeira anf\u00edbia<\/em><\/p>\n\n\n\n<p>Porto da Calada \u2013<em> Com cadeira anf\u00edbia<\/em><\/p>\n\n\n\n<p>Algodio &#8211; <em>Com cadeira anf\u00edbia<\/em><\/p>\n\n\n\n<p>Ribeira de Ilhas \u2013<em> Com cadeira anf\u00edbia<\/em><\/p>\n\n\n\n<p>Sintra<\/p>\n\n\n\n<p><em>M<\/em>a\u00e7\u00e3s <em>\u2013 Com cadeira anf\u00edbia<\/em><\/p>\n\n\n\n<p>Cascais<\/p>\n\n\n\n<p>Po\u00e7a<\/p>\n\n\n\n<p>Tamariz <em>\u2013 Com cadeira anf\u00edbia e servi\u00e7o de apoio ao banho<\/em><\/p>\n\n\n\n<p>Concei\u00e7ao <em>\u2013 Com cadeira anf\u00edbia e servi\u00e7o de apoio ao banho<\/em><\/p>\n\n\n\n<p>Carcavelos <em>\u2013 Com cadeira anf\u00edbia<\/em><\/p>\n\n\n\n<p>Moitas<\/p>\n\n\n\n<p>Almada<\/p>\n\n\n\n<p>Tarqu\u00ednio &#8211; Para\u00edso <em>\u2013 Com cadeira anf\u00edbia e servi\u00e7o de apoio ao banho<\/em><\/p>\n\n\n\n<p>Rainha <em>\u2013 Com cadeira anf\u00edbia e servi\u00e7o de apoio ao banho<\/em><\/p>\n\n\n\n<p>Sesimbra <em>(NOTA: consultar este concelho tamb\u00e9m na Regi\u00e3o Hidrogr\u00e1fica Alentejo)<\/em><\/p>\n\n\n\n<p>Moinho de Baixo (Meco) \u2013 <em>Andarilho anf\u00edbio<\/em><\/p>\n\n\n\n<p><a>PRAIAS INTERIORES:<\/a><\/p>\n\n\n\n<p>Oleiros<\/p>\n\n\n\n<p>A\u00e7ude do Pinto<\/p>\n\n\n\n<p>&nbsp;Guarda <em>(NOTA: consultar este concelho tamb\u00e9m na Regi\u00e3o Hidrogr\u00e1fica do Centro)<\/em><\/p>\n\n\n\n<p>Valhelhas <em>\u2013 Com cadeira anf\u00edbia e servi\u00e7o de apoio ao banho<\/em><\/p>\n\n\n\n<p>Ma\u00e7\u00e3o<\/p>\n\n\n\n<p>Carvoeiro <em>\u2013 Com cadeira anf\u00edbia<\/em><\/p>\n\n\n\n<p>Abrantes<\/p>\n\n\n\n<p>&nbsp;Aldeia do Mato<\/p>\n\n\n\n<p>Vila de Rei<\/p>\n\n\n\n<p>Bostelim \u2013<em> Com cadeira anf\u00edbia<\/em><\/p>\n\n\n\n<p>Fermandaires<\/p>\n\n\n\n<p>Sert\u00e3<\/p>\n\n\n\n<p>Ribeira Grande <em>\u2013 Com cadeira anf\u00edbia<\/em><\/p>\n\n\n\n<p>Our\u00e9m<\/p>\n\n\n\n<p>Agroal<\/p>\n\n\n\n<p>G\u00f3is<\/p>\n\n\n\n<p>Alvares<\/p>\n\n\n\n<p>Pampilhosa da Serra<\/p>\n\n\n\n<p>Janeiro de Baixo <em>\u2013 Com cadeira anf\u00edbia<\/em> <em>e servi\u00e7o de apoio ao banho<\/em><\/p>\n\n\n\n<p>Pessegueiro \u2013<em> Com cadeira anf\u00edbia<\/em><\/p>\n\n\n\n<p>Pampilhosa da Serra \u2013<em> Com cadeira anf\u00edbia e servi\u00e7o de apoio ao banho<\/em><\/p>\n\n\n\n<p><a><strong>1.4 REGI\u00c3O HIDROGR\u00c1FICA DO ALENTEJO \u2013 TOTAL: 22 praias \u2013 15 costeiras e 7 interiores<\/strong><\/a><\/p>\n\n\n\n<p><a>PRAIAS COSTEIRAS:<\/a><\/p>\n\n\n\n<p>&nbsp;Sesimbra <em>(NOTA: consultar este concelho tamb\u00e9m na Regi\u00e3o Hidrogr\u00e1fica do Tejo e Oeste)<\/em><\/p>\n\n\n\n<p>Ouro \u2013 <em>Com cadeira anf\u00edbia e servi\u00e7o de apoio ao banho<\/em><\/p>\n\n\n\n<p>Set\u00fabal<\/p>\n\n\n\n<p>Figueirinha \u2013<em> Com cadeira anf\u00edbia e servi\u00e7o de apoio ao banho<\/em><\/p>\n\n\n\n<p>Albarquel &#8211;<em> Com cadeira anf\u00edbia e servi\u00e7o de assist\u00eancia \u00e0s pessoas com mobilidade condicionada<\/em><\/p>\n\n\n\n<p>Gr\u00e2ndola<\/p>\n\n\n\n<p>Comporta<\/p>\n\n\n\n<p>Troia-Mar \u2013<em> Com cadeira anf\u00edbia<\/em><\/p>\n\n\n\n<p>Melides<\/p>\n\n\n\n<p>Carvalhal<\/p>\n\n\n\n<p>Atl\u00e2ntica<\/p>\n\n\n\n<p>Pego<\/p>\n\n\n\n<p>Santiago do Cac\u00e9m<\/p>\n\n\n\n<p>Costa de Santo Andr\u00e9 <em>\u2013 Com cadeira anf\u00edbia e servi\u00e7o de apoio ao banho<\/em><\/p>\n\n\n\n<p>Sines<\/p>\n\n\n\n<p>Vasco da Gama<em> \u2013 Com cadeira anf\u00edbia e servi\u00e7o de apoio ao banho<\/em><\/p>\n\n\n\n<p>Odemira<\/p>\n\n\n\n<p>Furnas-mar <em>\u2013 Com cadeira anf\u00edbia<\/em><\/p>\n\n\n\n<p>Furnas-rio <em>\u2013 Com cadeira anf\u00edbia<\/em><\/p>\n\n\n\n<p>Carvalhal \u2013<em> Com cadeira anf\u00edbia<\/em><\/p>\n\n\n\n<p>Zambujeira do Mar \u2013<em> Com cadeira anf\u00edbia<\/em><\/p>\n\n\n\n<p><a>PRAIAS INTERIORES:<\/a><\/p>\n\n\n\n<p>M\u00e9rtola<\/p>\n\n\n\n<p>Albufeira da Tapada Grande \u2013<em> Com cadeira anf\u00edbia<\/em><\/p>\n\n\n\n<p>Reguengos de Monsaraz<\/p>\n\n\n\n<p>Monsaraz \u2013<em> Com cadeira anf\u00edbia e servi\u00e7o de apoio ao banho<\/em><\/p>\n\n\n\n<p>&nbsp;Portel<\/p>\n\n\n\n<p>Amieira \u2013<em> Com cadeira anf\u00edbia e servi\u00e7o de apoio ao banho<\/em><\/p>\n\n\n\n<p>Alqueva \u2013<em> Com cadeira anf\u00edbia e servi\u00e7o de apoio ao banho<\/em><\/p>\n\n\n\n<p>&nbsp;Alandroal&nbsp;<\/p>\n\n\n\n<p>Azenhas d\u2019El Rei \u2013<em> Com cadeira anf\u00edbia <\/em>&nbsp;<\/p>\n\n\n\n<p>Beja<\/p>\n\n\n\n<p>Cinco Reis \u2013<em> Com cadeira anf\u00edbia e servi\u00e7o de apoio ao banho<\/em><\/p>\n\n\n\n<p>&nbsp;Mour\u00e3o<\/p>\n\n\n\n<p>Mour\u00e3o \u2013<em> Com cadeira anf\u00edbia <\/em>&nbsp;<a><\/a><\/p>\n\n\n\n<p><strong>1.5 REGI\u00c3O HIDROGR\u00c1FICA DO ALGARVE \u2013 TOTAL: 47 praias \u2013 46 costeiras e 1 interior<\/strong><\/p>\n\n\n\n<p><a>PRAIAS COSTEIRAS:<\/a><\/p>\n\n\n\n<p>Aljezur<\/p>\n\n\n\n<p>Monte Cl\u00e9rigo\u2013 <em>Com cadeira anf\u00edbia e servi\u00e7o de apoio ao banho<\/em><\/p>\n\n\n\n<p>Vila do Bispo<\/p>\n\n\n\n<p>Salema \u2013 <em>Com cadeira anf\u00edbia<\/em><\/p>\n\n\n\n<p>Lagos<\/p>\n\n\n\n<p>Meia Praia \u2013 <em>Com cadeira anf\u00edbia e servi\u00e7o de apoio ao banho<\/em><\/p>\n\n\n\n<p>Luz \u2013 <em>Com cadeira anf\u00edbia, andarilho anf\u00edbio e servi\u00e7o de apoio ao banho<\/em><\/p>\n\n\n\n<p>Porto de M\u00f3s \u2013 <em>Com cadeira anf\u00edbia e servi\u00e7o de apoio ao banho<\/em><\/p>\n\n\n\n<p>Batata<\/p>\n\n\n\n<p>Portim\u00e3o<\/p>\n\n\n\n<p>Vau \u2013 <em>Com cadeira anf\u00edbia e servi\u00e7o de apoio ao banho<\/em><\/p>\n\n\n\n<p>Rocha<\/p>\n\n\n\n<p>Alvor-Nascente (Tr\u00eas Irm\u00e3os)<\/p>\n\n\n\n<p>Alvor-Poente \u2013 <em>Com cadeira anf\u00edbia e servi\u00e7o de apoio ao banho<\/em><\/p>\n\n\n\n<p>Marina de Portim\u00e3o<\/p>\n\n\n\n<p>Lagoa<\/p>\n\n\n\n<p>Carvoeiro \u2013 <em>Com cadeira anf\u00edbia<\/em><\/p>\n\n\n\n<p>Senhora da Rocha \u2013 <em>Com cadeira anf\u00edbia<\/em><\/p>\n\n\n\n<p>Silves<\/p>\n\n\n\n<p>Barcos\/Arma\u00e7\u00e3o de Pera Nascente \u2013 <em>Com cadeira anf\u00edbia e servi\u00e7o de apoio ao banho<\/em><\/p>\n\n\n\n<p>Grande &#8211; Poente &#8211; <em>Com cadeira anf\u00edbia<\/em><\/p>\n\n\n\n<p>Albufeira<\/p>\n\n\n\n<p>Rocha Baixinha-Nascente \u2013 <em>Com cadeira anf\u00edbia e servi\u00e7o de apoio ao banho<\/em><\/p>\n\n\n\n<p>Rocha Baixinha \u2013 <em>Com cadeira anf\u00edbia e servi\u00e7o de apoio ao banho<\/em><\/p>\n\n\n\n<p>Manuel Louren\u00e7o \u2013 <em>Com cadeira anf\u00edbia e servi\u00e7o de apoio ao banho<\/em><\/p>\n\n\n\n<p>Maria Lu\u00edsa \u2013 <em>Com cadeira anf\u00edbia, andarilho anf\u00edbio e servi\u00e7o de apoio ao banho<\/em><\/p>\n\n\n\n<p>Gal\u00e9-Leste \u2013 <em>Com cadeira anf\u00edbia e servi\u00e7o de apoio ao banho<\/em><\/p>\n\n\n\n<p>Gal\u00e9-Oeste \u2013 <em>Com cadeira anf\u00edbia e servi\u00e7o de apoio ao banho<\/em><\/p>\n\n\n\n<p>Olhos d\u2019\u00c1gua \u2013 <em>Com cadeira anf\u00edbia, andarilho anf\u00edbio e servi\u00e7o de apoio ao banho<\/em><\/p>\n\n\n\n<p>Oura \u2013 <em>Com cadeira anf\u00edbia e servi\u00e7o de apoio ao banho<\/em><\/p>\n\n\n\n<p>Peneco \u2013 <em>Com cadeira anf\u00edbia e servi\u00e7o de apoio ao banho<\/em><\/p>\n\n\n\n<p>Pescadores \u2013 <em>Com cadeira anf\u00edbia, andarilho anf\u00edbio e servi\u00e7o de apoio ao banho<\/em><\/p>\n\n\n\n<p>Santa Eul\u00e1lia \u2013 <em>Com cadeira anf\u00edbia, andarilho anf\u00edbio e servi\u00e7o de apoio ao banho<\/em><\/p>\n\n\n\n<p>Inatel \u2013 <em>Com cadeira anf\u00edbia e servi\u00e7o de apoio ao banho<\/em><\/p>\n\n\n\n<p>Alem\u00e3es \u2013 <em>Com cadeira anf\u00edbia, andarilho anf\u00edbio e servi\u00e7o de apoio ao banho<\/em><\/p>\n\n\n\n<p>Loul\u00e9<\/p>\n\n\n\n<p>Vilamoura \u2013 <em>Com cadeira anf\u00edbia e servi\u00e7o de apoio ao banho<\/em><\/p>\n\n\n\n<p>Quarteira \u2013 <em>Com cadeira anf\u00edbia e servi\u00e7o de apoio ao banho<\/em><\/p>\n\n\n\n<p>Vale de Lobo \u2013 <em>Com cadeira anf\u00edbia e servi\u00e7o de apoio ao banho<\/em><\/p>\n\n\n\n<p>Garr\u00e3o-Poente \u2013 <em>Com cadeira anf\u00edbia e servi\u00e7o de apoio ao banho<\/em><\/p>\n\n\n\n<p>Loul\u00e9 Velho \u2013 <em>Com cadeira anf\u00edbia, canadianas e servi\u00e7o de apoio ao banho<\/em><\/p>\n\n\n\n<p>Forte Novo \u2013 <em>Com cadeira anf\u00edbia, canadianas e servi\u00e7o de apoio ao banho<\/em><\/p>\n\n\n\n<p>Anc\u00e3o \u2013 <em>Com cadeira anf\u00edbia e servi\u00e7o de apoio ao banho<\/em><\/p>\n\n\n\n<p>Quinta do Lago (nova)<\/p>\n\n\n\n<p>Faro<\/p>\n\n\n\n<p>Faro &#8211; Mar \u2013 <em>Com cadeira anf\u00edbia e servi\u00e7o de apoio ao banho<\/em><\/p>\n\n\n\n<p>Olh\u00e3o<\/p>\n\n\n\n<p>Fuzeta &#8211; Ria \u2013 <em>Com cadeira anf\u00edbia e servi\u00e7o de apoio ao banho<\/em><\/p>\n\n\n\n<p>Tavira<\/p>\n\n\n\n<p>Barril \u2013 <em>Com cadeira anf\u00edbia e servi\u00e7o de apoio ao banho<\/em><\/p>\n\n\n\n<p>Castro Marim<\/p>\n\n\n\n<p>Praia Verde \u2013 <em>Com cadeira anf\u00edbia e servi\u00e7o de apoio ao banho<\/em><\/p>\n\n\n\n<p>Alagoa\/Altura \u2013 <em>Com cadeira anf\u00edbia, andarilho anf\u00edbio e servi\u00e7o de apoio ao banho<\/em><\/p>\n\n\n\n<p>Cabe\u00e7o (Retur) \u2013 <em>Com cadeira anf\u00edbia e servi\u00e7o de apoio ao banho<\/em><\/p>\n\n\n\n<p>Vila Real de Santo Ant\u00f3nio<\/p>\n\n\n\n<p>Manta Rota \u2013 <em>Com cadeira anf\u00edbia e servi\u00e7o de apoio ao banho<\/em><\/p>\n\n\n\n<p>Lota \u2013 <em>Com cadeira anf\u00edbia e servi\u00e7o de apoio ao banho<\/em><\/p>\n\n\n\n<p>Monte Gordo \u2013 <em>Com cadeira anf\u00edbia e servi\u00e7o de apoio ao banho<\/em><\/p>\n\n\n\n<p>Santo Ant\u00f3nio \u2013 <em>Com cadeira anf\u00edbia e servi\u00e7o de apoio ao banho<\/em><\/p>\n\n\n\n<p><a>PRAIA INTERIOR:<\/a><\/p>\n\n\n\n<p>Alcoutim<\/p>\n\n\n\n<p>Pego Fundo \u2013 <em>Com cadeira anf\u00edbia e servi\u00e7o de apoio ao banho<\/em><\/p>\n\n\n\n<p><strong><a>2. REGI\u00c3O AUT\u00d3NOMA DOS A\u00c7ORES \u2013 TOTAL: 18 zonas balneares costeiras <\/a>\u00a0<\/strong><\/p>\n\n\n\n<p><a>2.1 ILHA DE S\u00c3O MIGUEL<\/a><\/p>\n\n\n\n<p>Ponta Delgada<\/p>\n\n\n\n<p>Mil\u00edcias <em>\u2013 Com cadeira anf\u00edbia e servi\u00e7o de apoio ao banho<\/em><\/p>\n\n\n\n<p>Po\u00e7os de S\u00e3o Vicente Ferreira <em>\u2013 Com cadeira anf\u00edbia e servi\u00e7o de apoio ao banho<\/em><\/p>\n\n\n\n<p>Vila Franca do Campo<\/p>\n\n\n\n<p>Vinha da Areia <em>\u2013 Com cadeira anf\u00edbia<\/em><\/p>\n\n\n\n<p>Prainha de \u00c1gua d\u2019Alto <em>\u2013 Com cadeira anf\u00edbia<\/em><\/p>\n\n\n\n<p>Praia de \u00c1gua d\u2019Alto <em>\u2013 Com cadeira anf\u00edbia<\/em><\/p>\n\n\n\n<p>Ribeira Grande<\/p>\n\n\n\n<p>Areal de Santa B\u00e1rbara \u2013<em> Com cadeira anf\u00edbia e servi\u00e7o de apoio ao banho<\/em><\/p>\n\n\n\n<p>Praia dos Moinhos <em>\u2013 Com cadeira anf\u00edbia e servi\u00e7o de apoio ao banho<\/em><\/p>\n\n\n\n<p>Zona Balnear das Po\u00e7as da Ribeira Grande <em>\u2013 Com dispositivo mec\u00e2nico para acesso a piscina e servi\u00e7o de apoio ao banho* (dispositivo mec\u00e2nico em manuten\u00e7\u00e3o \u2013 informa\u00e7\u00e3o do munic\u00edpio da Ribeira Grande)<\/em><\/p>\n\n\n\n<p>Povoa\u00e7\u00e3o<\/p>\n\n\n\n<p>Praia do Fogo (Ribeira Quente) <em>\u2013 Com cadeira anf\u00edbia e servi\u00e7o de apoio ao banho<\/em><\/p>\n\n\n\n<p>Lagoa<\/p>\n\n\n\n<p>Piscinas Naturais da Lagoa <em>\u2013 Com cadeira anf\u00edbia e servi\u00e7o de apoio ao banho<\/em><\/p>\n\n\n\n<p><a>2.2 ILHA TERCEIRA<\/a><\/p>\n\n\n\n<p>Angra do Hero\u00edsmo<\/p>\n\n\n\n<p>Salgueiros <em>\u2013 Com cadeira anf\u00edbia e servi\u00e7o de apoio ao banho<\/em><\/p>\n\n\n\n<p>Ba\u00eda do Refugo <em>\u2013 Com cadeira anf\u00edbia e servi\u00e7o de apoio ao banho<\/em><\/p>\n\n\n\n<p>Praia da Vit\u00f3ria<\/p>\n\n\n\n<p>Porto Martins <em>\u2013 Com cadeira anf\u00edbia<\/em><\/p>\n\n\n\n<p>Praia Grande<em> \u2013 Com cadeira anf\u00edbia<\/em><\/p>\n\n\n\n<p>Riviera <em>\u2013 Com cadeira anf\u00edbia<\/em><\/p>\n\n\n\n<p>Biscoitos <em>\u2013 Com cadeira anf\u00edbia<\/em><\/p>\n\n\n\n<p><a>2.3 ILHA DE SANTA MARIA<\/a><\/p>\n\n\n\n<p>Vila do Porto<\/p>\n\n\n\n<p>Anjos <em>\u2013 Com dispositivo mec\u00e2nico<\/em><\/p>\n\n\n\n<p>2.4 ILHA DO FAIAL<\/p>\n\n\n\n<p>Horta<\/p>\n\n\n\n<p>Castelo Branco<\/p>\n\n\n\n<p><a><strong>3. REGI\u00c3O AUT\u00d3NOMA DA MADEIRA \u2013 TOTAL: 7 zonas balneares costeiras<\/strong><\/a><\/p>\n\n\n\n<p><a>3.1 ILHA DA MADEIRA<\/a><\/p>\n\n\n\n<p>Machico<\/p>\n\n\n\n<p>Banda d\u2019Al\u00e9m <em>\u2013 Com cadeira anf\u00edbia<\/em><\/p>\n\n\n\n<p>S\u00e3o Roque<\/p>\n\n\n\n<p>Santana<\/p>\n\n\n\n<p>Ribeira do Faial<\/p>\n\n\n\n<p>Santa Cruz<\/p>\n\n\n\n<p>Palmeiras<\/p>\n\n\n\n<p>Funchal<\/p>\n\n\n\n<p>Complexo Balnear de Ponta Gorda &#8211; Po\u00e7as do Governador \u2013 <em>Com dispositivo mec\u00e2nico para acesso a piscina e servi\u00e7o de apoio ao banho<\/em><\/p>\n\n\n\n<p>Praia Formosa \u2013 <em>Com cadeira anf\u00edbia, canadianas anf\u00edbias e servi\u00e7o de apoio ao banho<\/em><\/p>\n\n\n\n<p>Complexo Balnear do Lido <em>\u2013 Com cadeira anf\u00edbia para acesso a piscina e servi\u00e7o de apoio ao banho<\/em><\/p>\n\n\n\n<p><em>(*) <u>\u00daltima atualiza\u00e7\u00e3o: 30 de agosto de 2023<\/u><\/em><\/p>\n\n\n\n<p>De acordo com o Instituto Nacional para a Reabilita\u00e7\u00e3o, I.P. em informa\u00e7\u00e3o dispon\u00edvel no respetivo website, existem mais de 200 praias acess\u00edveis \u201cque proporcionar\u00e3o, em todas as regi\u00f5es do Continente e nas Regi\u00f5es Aut\u00f3nomas dos A\u00e7ores e da Madeira, espa\u00e7os l\u00fadicos inclusivos, ainda que em n\u00famero ligeiramente inferior ao dos anos anteriores\u201d.<\/p>\n\n\n\n<p>As tr\u00eas entidades promotoras do Programa \u201cPraia Acess\u00edvel \u2013 Praia para Todos!\u201d \u2013 o Instituto Nacional para a Reabilita\u00e7\u00e3o (INR), a Ag\u00eancia Portuguesa do Ambiente (APA) e o Turismo de Portugal (TP)&nbsp; \u2013 assumem a satisfa\u00e7\u00e3o por os munic\u00edpios e concession\u00e1rios aderirem a esta iniciativa inclusiva.<\/p>\n\n\n\n<p>Mais informa\u00e7\u00e3o <a href=\"https:\/\/www.inr.pt\/programa-praia-acessivel\">AQUI<\/a><\/p>\n\n\n\n<figure class=\"wp-block-embed\"><div class=\"wp-block-embed__wrapper\">\nhttps:\/\/www.inr.pt\/programa-praia-acessivel\n<\/div><\/figure>\n\n\n\n<p><\/p>\n","protected":false},"excerpt":{"rendered":"<p>Ainda n\u00e3o \u00e9 conhecida a listagem de praias acess\u00edveis que concorreram ao Galard\u00e3o Praia Acess\u00edvel 2024, mas para que o ver\u00e3o seja mais fresco, \u00e9 poss\u00edvel consultar a lista de praias que em 2023 foram reconhecidas por criarem condi\u00e7\u00f5es para os banhistas com defici\u00eancia.<\/p>\n","protected":false},"author":2,"featured_media":3127,"comment_status":"open","ping_status":"open","sticky":false,"template":"","format":"standard","meta":{"_monsterinsights_skip_tracking":false,"_monsterinsights_sitenote_active":false,"_monsterinsights_sitenote_note":"","_monsterinsights_sitenote_category":0,"footnotes":""},"categories":[1],"tags":[],"class_list":["post-3126","post","type-post","status-publish","format-standard","has-post-thumbnail","hentry","category-uncategorized"],"_links":{"self":[{"href":"https:\/\/forumdeficiencia.guimaraes.pt\/index.php?rest_route=\/wp\/v2\/posts\/3126","targetHints":{"allow":["GET"]}}],"collection":[{"href":"https:\/\/forumdeficiencia.guimaraes.pt\/index.php?rest_route=\/wp\/v2\/posts"}],"about":[{"href":"https:\/\/forumdeficiencia.guimaraes.pt\/index.php?rest_route=\/wp\/v2\/types\/post"}],"author":[{"embeddable":true,"href":"https:\/\/forumdeficiencia.guimaraes.pt\/index.php?rest_route=\/wp\/v2\/users\/2"}],"replies":[{"embeddable":true,"href":"https:\/\/forumdeficiencia.guimaraes.pt\/index.php?rest_route=%2Fwp%2Fv2%2Fcomments&post=3126"}],"version-history":[{"count":5,"href":"https:\/\/forumdeficiencia.guimaraes.pt\/index.php?rest_route=\/wp\/v2\/posts\/3126\/revisions"}],"predecessor-version":[{"id":3132,"href":"https:\/\/forumdeficiencia.guimaraes.pt\/index.php?rest_route=\/wp\/v2\/posts\/3126\/revisions\/3132"}],"wp:featuredmedia":[{"embeddable":true,"href":"https:\/\/forumdeficiencia.guimaraes.pt\/index.php?rest_route=\/wp\/v2\/media\/3127"}],"wp:attachment":[{"href":"https:\/\/forumdeficiencia.guimaraes.pt\/index.php?rest_route=%2Fwp%2Fv2%2Fmedia&parent=3126"}],"wp:term":[{"taxonomy":"category","embeddable":true,"href":"https:\/\/forumdeficiencia.guimaraes.pt\/index.php?rest_route=%2Fwp%2Fv2%2Fcategories&post=3126"},{"taxonomy":"post_tag","embeddable":true,"href":"https:\/\/forumdeficiencia.guimaraes.pt\/index.php?rest_route=%2Fwp%2Fv2%2Ftags&post=3126"}],"curies":[{"name":"wp","href":"https:\/\/api.w.org\/{rel}","templated":true}]}}