{"id":3154,"date":"2024-08-08T16:58:39","date_gmt":"2024-08-08T16:58:39","guid":{"rendered":"https:\/\/forumdeficiencia.guimaraes.pt\/?p=3154"},"modified":"2024-08-08T16:58:55","modified_gmt":"2024-08-08T16:58:55","slug":"inscricoes-abertas-para-fazer-parte-da-orquestra-som-unico-em-guimaraes","status":"publish","type":"post","link":"https:\/\/forumdeficiencia.guimaraes.pt\/?p=3154","title":{"rendered":"<strong>Inscri\u00e7\u00f5es abertas para fazer parte da Orquestra &#8220;Som \u00danico&#8221; em Guimar\u00e3es<\/strong>"},"content":{"rendered":"\n<p>Lu\u00eds Filipe Silva, recentemente entrevistado pelo F\u00f3rum Municipal das Pessoas com Defici\u00eancia de Guimar\u00e3es e um dos membros do F\u00f3rum Municipal das Pessoas com Defici\u00eancia, est\u00e1 a desafiar a popula\u00e7\u00e3o com defici\u00eancia residente em Guimar\u00e3es a integrar uma orquestra.<\/p>\n\n\n\n<!--more-->\n\n\n\n<p>As inscri\u00e7\u00f5es para participar neste projeto musical, que conta com o apoio do apoio do Circulo de Arte e Recreio (CAR), em parceria com o Munic\u00edpio de Guimar\u00e3es e o F\u00f3rum Municipal das Pessoas com Defici\u00eancia, &nbsp;&nbsp;est\u00e3o abertas at\u00e9 31 de agosto.<\/p>\n\n\n\n<p>Lu\u00eds Filipe Silva, inspirado no sucesso da Orquestra Parkinson de Braga, constitu\u00edda por pessoas com a doen\u00e7a de Parkinson e criada com o apoio do Hospital de Braga em parceria com o Munic\u00edpio de Braga, e da qual fez parte, agora quer expandir o perfil de pessoas a participar na orquestra vimaranense, considerando qualquer tipo de incapacidade.<\/p>\n\n\n\n<p>A Orquestra &#8220;Som \u00danico&#8221; foi provisoriamente intitulada, e simboliza a singularidade de cada participante, resultando num som coletivo verdadeiramente \u00fanico. Este projeto visa n\u00e3o apenas a cria\u00e7\u00e3o musical, mas tamb\u00e9m a promo\u00e7\u00e3o de uma mensagem poderosa de criatividade entre pessoas com diferentes tipos de defici\u00eancia.<\/p>\n\n\n\n<p>Os requisitos para a participa\u00e7\u00e3o incluem:<\/p>\n\n\n\n<ul class=\"wp-block-list\">\n<li>Possuir uma defici\u00eancia;<\/li>\n\n\n\n<li>Ter um Atestado M\u00e9dico de Incapacidade Multiusos igual ou superior a 60%;<\/li>\n\n\n\n<li>Possuir autonomia para se deslocar aos ensaios;<\/li>\n\n\n\n<li>Ter ou n\u00e3o experi\u00eancia musical;<\/li>\n\n\n\n<li>Ser residente no concelho de Guimar\u00e3es;<\/li>\n\n\n\n<li>Estar disposto a aprender e a vivenciar uma nova experi\u00eancia.<\/li>\n<\/ul>\n","protected":false},"excerpt":{"rendered":"<p>Lu\u00eds Filipe Silva, recentemente entrevistado pelo F\u00f3rum Municipal das Pessoas com Defici\u00eancia de Guimar\u00e3es e um dos membros do F\u00f3rum Municipal das Pessoas com Defici\u00eancia, est\u00e1 a desafiar a popula\u00e7\u00e3o com defici\u00eancia residente em Guimar\u00e3es a integrar uma orquestra.<\/p>\n","protected":false},"author":2,"featured_media":3155,"comment_status":"open","ping_status":"open","sticky":false,"template":"","format":"standard","meta":{"_monsterinsights_skip_tracking":false,"_monsterinsights_sitenote_active":false,"_monsterinsights_sitenote_note":"","_monsterinsights_sitenote_category":0,"footnotes":""},"categories":[1],"tags":[],"class_list":["post-3154","post","type-post","status-publish","format-standard","has-post-thumbnail","hentry","category-uncategorized"],"_links":{"self":[{"href":"https:\/\/forumdeficiencia.guimaraes.pt\/index.php?rest_route=\/wp\/v2\/posts\/3154","targetHints":{"allow":["GET"]}}],"collection":[{"href":"https:\/\/forumdeficiencia.guimaraes.pt\/index.php?rest_route=\/wp\/v2\/posts"}],"about":[{"href":"https:\/\/forumdeficiencia.guimaraes.pt\/index.php?rest_route=\/wp\/v2\/types\/post"}],"author":[{"embeddable":true,"href":"https:\/\/forumdeficiencia.guimaraes.pt\/index.php?rest_route=\/wp\/v2\/users\/2"}],"replies":[{"embeddable":true,"href":"https:\/\/forumdeficiencia.guimaraes.pt\/index.php?rest_route=%2Fwp%2Fv2%2Fcomments&post=3154"}],"version-history":[{"count":2,"href":"https:\/\/forumdeficiencia.guimaraes.pt\/index.php?rest_route=\/wp\/v2\/posts\/3154\/revisions"}],"predecessor-version":[{"id":3157,"href":"https:\/\/forumdeficiencia.guimaraes.pt\/index.php?rest_route=\/wp\/v2\/posts\/3154\/revisions\/3157"}],"wp:featuredmedia":[{"embeddable":true,"href":"https:\/\/forumdeficiencia.guimaraes.pt\/index.php?rest_route=\/wp\/v2\/media\/3155"}],"wp:attachment":[{"href":"https:\/\/forumdeficiencia.guimaraes.pt\/index.php?rest_route=%2Fwp%2Fv2%2Fmedia&parent=3154"}],"wp:term":[{"taxonomy":"category","embeddable":true,"href":"https:\/\/forumdeficiencia.guimaraes.pt\/index.php?rest_route=%2Fwp%2Fv2%2Fcategories&post=3154"},{"taxonomy":"post_tag","embeddable":true,"href":"https:\/\/forumdeficiencia.guimaraes.pt\/index.php?rest_route=%2Fwp%2Fv2%2Ftags&post=3154"}],"curies":[{"name":"wp","href":"https:\/\/api.w.org\/{rel}","templated":true}]}}