{"id":3159,"date":"2024-08-08T15:13:07","date_gmt":"2024-08-08T15:13:07","guid":{"rendered":"https:\/\/forumdeficiencia.guimaraes.pt\/?p=3159"},"modified":"2024-09-16T08:45:52","modified_gmt":"2024-09-16T08:45:52","slug":"20-e-21-de-setembro-jornadas-inclusivas-consciencializar-para-incluir","status":"publish","type":"post","link":"https:\/\/forumdeficiencia.guimaraes.pt\/?p=3159","title":{"rendered":"<strong>20 e 21 de setembro: Jornadas Inclusivas \u201cConsciencializar para incluir\u201d<\/strong>"},"content":{"rendered":"\n<p>Para celebrar o 20\u00ba anivers\u00e1rio e o Cinquenten\u00e1rio do 25 de abril, o F\u00f3rum Municipal das Pessoas com Defici\u00eancia de Guimar\u00e3es realiza nos dias 20 e 21 de setembro as Jornadas Inclusivas \u201cConsciencializar para incluir\u201d, no audit\u00f3rio da Fraterna, localizado no centro da cidade, na rua de Vila Verde.<\/p>\n\n\n\n<!--more-->\n\n\n\n<p>Nestas jornadas pretende-se abordar v\u00e1rias tem\u00e1ticas como \u00e9 o caso da educa\u00e7\u00e3o inclusiva, a forma\u00e7\u00e3o profissional e o emprego, a vida independente, a acessibilidade, a assist\u00eancia pessoal e a sexualidade das pessoas com defici\u00eancia.<\/p>\n\n\n\n<p>Para promover a sua participa\u00e7\u00e3o e a inclus\u00e3o social e dando cumprimento ao lema adotado mundialmente pelas pessoas com defici\u00eancia: \u201cNada Sobre n\u00f3s, Sem N\u00f3s\u201d, todos os pain\u00e9is e momentos musicais contar\u00e3o com o testemunho de pessoas com defici\u00eancia.<\/p>\n\n\n\n<figure class=\"wp-block-image size-large\"><img loading=\"lazy\" decoding=\"async\" width=\"725\" height=\"1024\" src=\"https:\/\/forumdeficiencia.guimaraes.pt\/wp-content\/uploads\/2024\/09\/Programa-_Jornadas-Inclusivas_page-0001-725x1024.jpg\" alt=\"\" class=\"wp-image-3163\" srcset=\"https:\/\/forumdeficiencia.guimaraes.pt\/wp-content\/uploads\/2024\/09\/Programa-_Jornadas-Inclusivas_page-0001-725x1024.jpg 725w, https:\/\/forumdeficiencia.guimaraes.pt\/wp-content\/uploads\/2024\/09\/Programa-_Jornadas-Inclusivas_page-0001-212x300.jpg 212w, https:\/\/forumdeficiencia.guimaraes.pt\/wp-content\/uploads\/2024\/09\/Programa-_Jornadas-Inclusivas_page-0001-768x1085.jpg 768w, https:\/\/forumdeficiencia.guimaraes.pt\/wp-content\/uploads\/2024\/09\/Programa-_Jornadas-Inclusivas_page-0001-1087x1536.jpg 1087w, https:\/\/forumdeficiencia.guimaraes.pt\/wp-content\/uploads\/2024\/09\/Programa-_Jornadas-Inclusivas_page-0001.jpg 1241w\" sizes=\"auto, (max-width: 725px) 100vw, 725px\" \/><\/figure>\n\n\n\n<p>A participa\u00e7\u00e3o neste evento pode realizar-se em formato presencial ou online, sendo, para tal, obrigat\u00f3ria a inscri\u00e7\u00e3o atrav\u00e9s do link: <a href=\"https:\/\/www.cm-guimaraes.pt\/eventos-divisao-para-a-coesao-e-desenvolvimento-social\/dcds-jornadas-inclusivas-consciencializar-para-incluir\">https:\/\/www.cm-guimaraes.pt\/eventos-divisao-para-a-coesao-e-desenvolvimento-social\/dcds-jornadas-inclusivas-consciencializar-para-incluir<\/a> . <\/p>\n\n\n\n<p>O F\u00f3rum Municipal das Pessoas com Defici\u00eancia \u00e9 um \u00f3rg\u00e3o informal dedicado ao debate, consulta e dissemina\u00e7\u00e3o de informa\u00e7\u00f5es, apoiado pela Divis\u00e3o para a Coes\u00e3o e Desenvolvimento Social da C\u00e2mara Municipal de Guimar\u00e3es. Este \u00f3rg\u00e3o \u00e9 presidido pelo Presidente da C\u00e2mara, que delega fun\u00e7\u00f5es na Vereadora Dr.\u00aa Paula Oliveira.<\/p>\n\n\n\n<p>O F\u00f3rum \u00e9 composto por pessoas com defici\u00eancia e por v\u00e1rias entidades que atuam nesta \u00e1rea, incluindo estabelecimentos de ensino, associa\u00e7\u00f5es, cooperativas e IPSS. A sua miss\u00e3o \u00e9 promover os direitos das pessoas com defici\u00eancia e fomentar a sua inclus\u00e3o social, contribuindo para o desenvolvimento de uma sociedade cada vez mais inclusiva.<\/p>\n","protected":false},"excerpt":{"rendered":"<p>Para celebrar o 20\u00ba anivers\u00e1rio e o Cinquenten\u00e1rio do 25 de abril, o F\u00f3rum Municipal das Pessoas com Defici\u00eancia de Guimar\u00e3es realiza nos dias 20 e 21 de setembro as Jornadas Inclusivas \u201cConsciencializar para incluir\u201d, no audit\u00f3rio da Fraterna, localizado no centro da cidade, na rua de Vila Verde.<\/p>\n","protected":false},"author":2,"featured_media":3160,"comment_status":"open","ping_status":"open","sticky":false,"template":"","format":"standard","meta":{"_monsterinsights_skip_tracking":false,"_monsterinsights_sitenote_active":false,"_monsterinsights_sitenote_note":"","_monsterinsights_sitenote_category":0,"footnotes":""},"categories":[1],"tags":[],"class_list":["post-3159","post","type-post","status-publish","format-standard","has-post-thumbnail","hentry","category-uncategorized"],"_links":{"self":[{"href":"https:\/\/forumdeficiencia.guimaraes.pt\/index.php?rest_route=\/wp\/v2\/posts\/3159","targetHints":{"allow":["GET"]}}],"collection":[{"href":"https:\/\/forumdeficiencia.guimaraes.pt\/index.php?rest_route=\/wp\/v2\/posts"}],"about":[{"href":"https:\/\/forumdeficiencia.guimaraes.pt\/index.php?rest_route=\/wp\/v2\/types\/post"}],"author":[{"embeddable":true,"href":"https:\/\/forumdeficiencia.guimaraes.pt\/index.php?rest_route=\/wp\/v2\/users\/2"}],"replies":[{"embeddable":true,"href":"https:\/\/forumdeficiencia.guimaraes.pt\/index.php?rest_route=%2Fwp%2Fv2%2Fcomments&post=3159"}],"version-history":[{"count":4,"href":"https:\/\/forumdeficiencia.guimaraes.pt\/index.php?rest_route=\/wp\/v2\/posts\/3159\/revisions"}],"predecessor-version":[{"id":3165,"href":"https:\/\/forumdeficiencia.guimaraes.pt\/index.php?rest_route=\/wp\/v2\/posts\/3159\/revisions\/3165"}],"wp:featuredmedia":[{"embeddable":true,"href":"https:\/\/forumdeficiencia.guimaraes.pt\/index.php?rest_route=\/wp\/v2\/media\/3160"}],"wp:attachment":[{"href":"https:\/\/forumdeficiencia.guimaraes.pt\/index.php?rest_route=%2Fwp%2Fv2%2Fmedia&parent=3159"}],"wp:term":[{"taxonomy":"category","embeddable":true,"href":"https:\/\/forumdeficiencia.guimaraes.pt\/index.php?rest_route=%2Fwp%2Fv2%2Fcategories&post=3159"},{"taxonomy":"post_tag","embeddable":true,"href":"https:\/\/forumdeficiencia.guimaraes.pt\/index.php?rest_route=%2Fwp%2Fv2%2Ftags&post=3159"}],"curies":[{"name":"wp","href":"https:\/\/api.w.org\/{rel}","templated":true}]}}