{"id":3265,"date":"2025-08-08T15:33:45","date_gmt":"2025-08-08T15:33:45","guid":{"rendered":"https:\/\/forumdeficiencia.guimaraes.pt\/?p=3265"},"modified":"2025-08-08T15:48:11","modified_gmt":"2025-08-08T15:48:11","slug":"servicos-ferroviarios-entidades-desafiadas-a-responder-a-questionario","status":"publish","type":"post","link":"https:\/\/forumdeficiencia.guimaraes.pt\/?p=3265","title":{"rendered":"Servi\u00e7os ferrovi\u00e1rios: entidades desafiadas a responder a question\u00e1rio"},"content":{"rendered":"\n<p>A Autoridade da Mobilidade e dos Transportes (AMT) tem dispon\u00edvel um question\u00e1rio dirigido \u00e0s associa\u00e7\u00f5es de pessoas com defici\u00eancia e outras entidades relacionadas com o intuito \u201cde ter em conta as suas opini\u00f5es sobre o mercado ferrovi\u00e1rio\u201d.<\/p>\n\n\n\n<!--more-->\n\n\n\n<p>O question\u00e1rio, que dever\u00e1 ser respondido at\u00e9 ao dia 15 de setembro, resulta de uma nova consulta aos utilizadores de servi\u00e7os ferrovi\u00e1rios realizada pelo Observat\u00f3rio da Mobilidade e dos Transportes com o intuito de conhecer a perce\u00e7\u00e3o destes quanto \u00e0s condi\u00e7\u00f5es da presta\u00e7\u00e3o destes servi\u00e7os s\u00e3o.<\/p>\n\n\n\n<p>\u00c9 nesse sentido que a ATM pretende conhecer a perce\u00e7\u00e3o das associa\u00e7\u00f5es de pessoas com defici\u00eancia e\/ou mobilidade reduzida para servirem de apoio \u00e0 defini\u00e7\u00e3o das respetivas prioridades de interven\u00e7\u00e3o no mercado.<\/p>\n\n\n\n<p>A AMT pretende utilizar a informa\u00e7\u00e3o fornecida exclusivamente para efeitos de avalia\u00e7\u00e3o da infraestrutura e dos servi\u00e7os ferrovi\u00e1rios.<\/p>\n\n\n\n<p>Pode aceder ao mesmo <a href=\"http:\/\/mls.seg-social.pt\/link.php?M=641674&amp;N=11125&amp;L=35373&amp;F=H\" target=\"_blank\" rel=\"noreferrer noopener\">AQUI<\/a>. Para poder responder ao question\u00e1rio ter\u00e1 que utilizar o c\u00f3digo de identifica\u00e7\u00e3o (3285), a colocar na primeira sec\u00e7\u00e3o do question\u00e1rio.<\/p>\n\n\n\n<p>A AMT est\u00e1 dispon\u00edvel para qualquer esclarecimento adicional, que pode ser dirigido para o email <a href=\"mailto:observatorio@amt-autoridade.pt\">observatorio@amt-autoridade.pt<\/a> ou por telefone para o n\u00famero 211 025 807.<\/p>\n","protected":false},"excerpt":{"rendered":"<p>A Autoridade da Mobilidade e dos Transportes (AMT) tem dispon\u00edvel um question\u00e1rio dirigido \u00e0s associa\u00e7\u00f5es de pessoas com defici\u00eancia e outras entidades relacionadas com o intuito \u201cde ter em conta as suas opini\u00f5es sobre o mercado ferrovi\u00e1rio\u201d.<\/p>\n","protected":false},"author":2,"featured_media":3266,"comment_status":"open","ping_status":"open","sticky":false,"template":"","format":"standard","meta":{"_monsterinsights_skip_tracking":false,"_monsterinsights_sitenote_active":false,"_monsterinsights_sitenote_note":"","_monsterinsights_sitenote_category":0,"footnotes":""},"categories":[1],"tags":[],"class_list":["post-3265","post","type-post","status-publish","format-standard","has-post-thumbnail","hentry","category-uncategorized"],"_links":{"self":[{"href":"https:\/\/forumdeficiencia.guimaraes.pt\/index.php?rest_route=\/wp\/v2\/posts\/3265","targetHints":{"allow":["GET"]}}],"collection":[{"href":"https:\/\/forumdeficiencia.guimaraes.pt\/index.php?rest_route=\/wp\/v2\/posts"}],"about":[{"href":"https:\/\/forumdeficiencia.guimaraes.pt\/index.php?rest_route=\/wp\/v2\/types\/post"}],"author":[{"embeddable":true,"href":"https:\/\/forumdeficiencia.guimaraes.pt\/index.php?rest_route=\/wp\/v2\/users\/2"}],"replies":[{"embeddable":true,"href":"https:\/\/forumdeficiencia.guimaraes.pt\/index.php?rest_route=%2Fwp%2Fv2%2Fcomments&post=3265"}],"version-history":[{"count":3,"href":"https:\/\/forumdeficiencia.guimaraes.pt\/index.php?rest_route=\/wp\/v2\/posts\/3265\/revisions"}],"predecessor-version":[{"id":3269,"href":"https:\/\/forumdeficiencia.guimaraes.pt\/index.php?rest_route=\/wp\/v2\/posts\/3265\/revisions\/3269"}],"wp:featuredmedia":[{"embeddable":true,"href":"https:\/\/forumdeficiencia.guimaraes.pt\/index.php?rest_route=\/wp\/v2\/media\/3266"}],"wp:attachment":[{"href":"https:\/\/forumdeficiencia.guimaraes.pt\/index.php?rest_route=%2Fwp%2Fv2%2Fmedia&parent=3265"}],"wp:term":[{"taxonomy":"category","embeddable":true,"href":"https:\/\/forumdeficiencia.guimaraes.pt\/index.php?rest_route=%2Fwp%2Fv2%2Fcategories&post=3265"},{"taxonomy":"post_tag","embeddable":true,"href":"https:\/\/forumdeficiencia.guimaraes.pt\/index.php?rest_route=%2Fwp%2Fv2%2Ftags&post=3265"}],"curies":[{"name":"wp","href":"https:\/\/api.w.org\/{rel}","templated":true}]}}