{"id":3305,"date":"2025-08-31T15:23:24","date_gmt":"2025-08-31T15:23:24","guid":{"rendered":"https:\/\/forumdeficiencia.guimaraes.pt\/?p=3305"},"modified":"2025-08-31T15:35:42","modified_gmt":"2025-08-31T15:35:42","slug":"paula-oliveira-nao-voltamos-para-tras-temos-e-que-fazer-mais-e-melhor-agora-precisamos-de-ir-ainda-mais-longe","status":"publish","type":"post","link":"https:\/\/forumdeficiencia.guimaraes.pt\/?p=3305","title":{"rendered":"Paula Oliveira: \u201cN\u00e3o voltamos para tr\u00e1s, temos \u00e9 que fazer mais e melhor (\u2026) agora precisamos de ir ainda mais longe\u201d"},"content":{"rendered":"\n<p>Respons\u00e1vel por representar o presidente da C\u00e2mara Municipal de Guimar\u00e3es, Domingos Bragan\u00e7a, no F\u00f3rum Municipal das Pessoas com Defici\u00eancia, a vereadora da Coes\u00e3o Social, Paula Oliveira, j\u00e1 soma 15 anos no acompanhamento da atividade deste \u00f3rg\u00e3o informal que completou, em 2024, duas d\u00e9cadas.\u00a0 Nesta entrevista de balan\u00e7o, a vereadora destaca os progressos conquistados, a for\u00e7a das parcerias e a voz crescente das pessoas com defici\u00eancia nas decis\u00f5es que as envolvem. Al\u00e9m disso, sublinha a import\u00e2ncia da continuidade, da aprendizagem coletiva e da necessidade de transformar direitos em pr\u00e1tica efetiva. Mas tamb\u00e9m alerta: o caminho ainda est\u00e1 longe de terminar.<\/p>\n\n\n\n<!--more-->\n\n\n\n<p><strong>F\u00f3rum Municipal (FM) &#8211; Qual foi o objetivo inicial da cria\u00e7\u00e3o do F\u00f3rum Municipal das Pessoas com Defici\u00eancia de Guimar\u00e3es, e considera que esse objetivo tem sido cumprido ao longo destes 20 anos?<\/strong><\/p>\n\n\n\n<p><strong>Paula Oliveira (PO) &#8211;<\/strong> No in\u00edcio &#8211; com a coordenadora t\u00e9cnica respons\u00e1vel que era a Dr\u00aa. Isabel Batista, eu cheguei logo cinco anos depois, j\u00e1 h\u00e1 15 &#8211; foi criado, em s\u00edntese, para promover os direitos das pessoas com defici\u00eancia e nestes direitos, a participa\u00e7\u00e3o. Ainda h\u00e1 um d\u00e9ficit na promo\u00e7\u00e3o dos direitos das pessoas com defici\u00eancia, mas nesta promo\u00e7\u00e3o dos direitos a promo\u00e7\u00e3o da participa\u00e7\u00e3o e, sobretudo, porque est\u00e1 ligado, o terem voz. Ou seja, dar voz, na primeira pessoa, \u00e0s pessoas com defici\u00eancia e \u00e0s institui\u00e7\u00f5es, mas tamb\u00e9m \u00e0 comunidade em geral, porque a inclus\u00e3o e a promo\u00e7\u00e3o dos direitos s\u00e3o um trabalho de todos, de toda a comunidade: institui\u00e7\u00f5es, munic\u00edpios, sociedade civil, cada um de n\u00f3s, cada cidad\u00e3o. E um outro [objetivo], era promover um trabalho mais articulado, integrado na pr\u00f3pria rede do munic\u00edpio. Ou seja, houve tamb\u00e9m a cria\u00e7\u00e3o, mais ou menos nesta altura, h\u00e1 20 anos, das Redes Sociais no pa\u00eds: a Rede Social com as Comiss\u00f5es Interfreguesias. Nesta altura criaram-se grupos tem\u00e1ticos para diversas \u00e1reas, tamb\u00e9m o grupo tem\u00e1tico j\u00e1 na altura das pessoas com defici\u00eancia, os primeiros planos de desenvolvimento social e de todo este trabalho em rede constatou-se esta necessidade, porque o plano de desenvolvimento social resulta tamb\u00e9m de um diagn\u00f3stico no territ\u00f3rio e esta necessidade de promover os direitos, a participa\u00e7\u00e3o, dar voz, este trabalho sistem\u00e1tico em rede com a comunidade e o munic\u00edpio aqui como facilitador.<\/p>\n\n\n\n<p><strong>FM &#8211; Que tipo de parcerias\/sinergias\/colabora\u00e7\u00f5es (com institui\u00e7\u00f5es, escolas, etc.) foram estabelecidas ao longo dos anos e que impacto tiveram na efic\u00e1cia do F\u00f3rum?<\/strong><\/p>\n\n\n\n<p><strong>PO &#8211;<\/strong> N\u00f3s come\u00e7amos por ter, sobretudo, as entidades que fazem parte aqui do pr\u00f3prio territ\u00f3rio e do munic\u00edpio &#8211; e temos entidades, e estamos muito gratos, que integram o F\u00f3rum Municipal desde h\u00e1 20 anos, e uma delas, a APD [Associa\u00e7\u00e3o Portuguesa de Deficientes], da qual faz parte a professora Rosa Guimar\u00e3es. Mas o que \u00e9 que hoje n\u00f3s vemos? Primeiro eram entidades que tinham um trabalho mais direto com a \u00e1rea da defici\u00eancia, mas com esta consolida\u00e7\u00e3o e aprendizagem, e este trabalho integrado de formiguinha, que muitas vezes n\u00e3o \u00e9 vis\u00edvel no imediato, hoje, por exemplo, est\u00e3o v\u00e1rios agrupamentos de escolas, porque \u00e9 este des\u00edgnio que \u00e9 fundamental: a promo\u00e7\u00e3o dos direitos cabe a todas as pessoas com defici\u00eancia e que n\u00e3o t\u00eam defici\u00eancia. Mas hoje \u00e9 muito positivo ver todas as entidades que trabalham na \u00e1rea da defici\u00eancia, todas integram o F\u00f3rum, mas j\u00e1 integram a n\u00edvel distrital, como a ACAPO, e outras que aqui acabei de dizer. Ou seja, ao longo dos anos, foi crescendo esta abertura do F\u00f3rum como \u00f3rg\u00e3o informal. N\u00f3s temos, hoje, t\u00e9cnicos, entidades de outros munic\u00edpios que pediram uma ades\u00e3o ao F\u00f3rum Municipal das Pessoas com Defici\u00eancia de Guimar\u00e3es, portanto, j\u00e1 n\u00e3o \u00e9 uma a\u00e7\u00e3o s\u00f3 circunscrita ao territ\u00f3rio vimaranense. Assim como, as pessoas a t\u00edtulo individual que podem solicitar a ades\u00e3o, e portanto tamb\u00e9m houve um aumento desses pedidos que t\u00eam enriquecido o F\u00f3rum. E tamb\u00e9m temos sido muito requisitados por v\u00e1rios munic\u00edpios no pa\u00eds para n\u00f3s, a Dr\u00aa Daniela Fernandes que coordena e est\u00e1 a fazer um excelente trabalho do ponto de vista t\u00e9cnico, <em>in loco <\/em>dar a conhecer o F\u00f3rum. N\u00f3s temos, hoje, t\u00e9cnicos, entidades de outros munic\u00edpios que pediram uma ades\u00e3o ao F\u00f3rum Municipal das Pessoas com Defici\u00eancia de Guimar\u00e3es, portanto, j\u00e1 n\u00e3o \u00e9 uma a\u00e7\u00e3o s\u00f3 circunscrita ao territ\u00f3rio vimaranense. Assim como, as pessoas a t\u00edtulo individual que podem solicitar a ades\u00e3o, e portanto tamb\u00e9m houve um aumento desses pedidos que t\u00eam enriquecido o F\u00f3rum.<\/p>\n\n\n\n<blockquote class=\"wp-block-quote is-layout-flow wp-block-quote-is-layout-flow\">\n<p><strong>\u201cO F\u00f3rum Municipal tem sido visto como uma boa pr\u00e1tica a ser partilhada com outros munic\u00edpios, outras entidades, at\u00e9 para replicar no pa\u00eds este dinamismo, este modo que \u00e9 muito pr\u00f3prio de trabalhar\u201d. Paula Oliveira<\/strong><\/p>\n<\/blockquote>\n\n\n\n<p><strong>FM &#8211; Como tem sido a participa\u00e7\u00e3o das pr\u00f3prias pessoas com defici\u00eancia nas decis\u00f5es e atividades do F\u00f3rum? Sente que a respetiva voz tem sido realmente ouvida?<a><\/a><\/strong><\/p>\n\n\n\n<p><strong>PO &#8211;<\/strong> \u00c9 um \u00f3rg\u00e3o onde as pessoas t\u00eam voz, na primeira pessoa (\u2026) e a voz tem sido ouvida, quer pelo presidente de C\u00e2mara, pelo munic\u00edpio e por todos os departamentos. E depois dar o feedback, dizer assim: \u201cisto foi feito, isto n\u00e3o foi feito ainda e \u00e9 poss\u00edvel, isto n\u00e3o \u00e9 poss\u00edvel por esta raz\u00e3o e por aquela\u201d.<\/p>\n\n\n\n<p><strong>FM &#8211; Que mudan\u00e7as significativas ocorreram em Guimar\u00e3es, ao n\u00edvel da inclus\u00e3o e dos direitos das pessoas com defici\u00eancia, desde a cria\u00e7\u00e3o do F\u00f3rum at\u00e9 hoje?<\/strong><\/p>\n\n\n\n<p><strong>PO &#8211;<\/strong> E \u00e9 muito curioso ver, at\u00e9 fico mesmo emocionada, porque &#8211; a pr\u00f3pria divis\u00e3o da Coes\u00e3o Social cresceu muito na sua interven\u00e7\u00e3o, na sua \u00e1rea da abrang\u00eancia, foi-se consolidando e na altura tamb\u00e9m estava, quando eu cheguei c\u00e1 estava a Dr\u00aa. Ros\u00e1ria Fernandes, tamb\u00e9m como t\u00e9cnica de acompanhamento do F\u00f3rum &#8211; e eu recordo-me de <s>n\u00f3s<\/s> reunirmos e fazermos muitas das sess\u00f5es at\u00e9 de sensibiliza\u00e7\u00e3o na Biblioteca [Municipal Raul Brand\u00e3o]. Eu costumo dizer: tudo que \u00e9 grande nasce pequeno, n\u00e3o \u00e9? Mas hoje, muitas das atividades que fazemos para a comunidade, a Biblioteca \u00e9 manifestamente pequena. Isto para dizer o qu\u00ea? O F\u00f3rum foi crescendo em n\u00famero, mas tamb\u00e9m em qualidade, e isso \u00e9 que importa, a qualidade da interven\u00e7\u00e3o e qualidade de todos os participantes. E depois tamb\u00e9m nos apraz registar: n\u00f3s temos alguns emails de pessoas com e sem defici\u00eancia, que por exemplo, sobre a pr\u00f3pria newsletter que \u00e9 divulgada, j\u00e1 nos escreveram, e temos esses registos escritos, como \u00e9 \u00f3bvio, a dar os parab\u00e9ns pelo trabalho do pr\u00f3prio F\u00f3rum, porque sentem que s\u00e3o ouvidas. E isso tamb\u00e9m \u00e9 muito positivo de pessoas que n\u00f3s nem conhecemos\u2026 Essa visibilidade chega a um n\u00famero de pessoas que n\u00f3s nem imaginar\u00edamos, \u00e0s pr\u00f3prias institui\u00e7\u00f5es, \u00e0s escolas, \u00e0s entidades que integram, portanto, o F\u00f3rum. E ultrapassa as fronteiras do concelho. Tem sido um crescendo, ou seja, o F\u00f3rum, 20 anos, eu posso dizer, atingiu a maturidade, mas com esta no\u00e7\u00e3o de que um longo caminho foi percorrido, mas que ainda h\u00e1 muito, muito a fazer\u2026 \u00e9 um trabalho sem fim.<\/p>\n\n\n\n<p><strong>FM &#8211; Quais foram os projetos ou iniciativas mais marcantes promovidos pelo F\u00f3rum nestas duas d\u00e9cadas?<\/strong><\/p>\n\n\n\n<p><strong>PO &#8211;<\/strong> Mais do que serem atividades pontuais, o que n\u00f3s ganhamos, e j\u00e1 \u00e9 um marco, a semana das Comemora\u00e7\u00f5es do Dia Internacional das Pessoas com Defici\u00eancia. Mas depois \u00e9 um trabalho que \u00e9 do dia 1 de janeiro a 31 de dezembro, n\u00e3o \u00e9? E real\u00e7ar, al\u00e9m daquilo que eu j\u00e1 referi, o maior n\u00famero de institui\u00e7\u00f5es, de pessoas, o maior n\u00famero de atividades, atividades que j\u00e1 fazem parte do calend\u00e1rio, mas a preocupa\u00e7\u00e3o de introduzir sempre atividades novas. Por exemplo, destacar este ano e nos \u00faltimos anos a\u00e7\u00f5es de capacita\u00e7\u00e3o, que t\u00eam sido muitas. Isto \u00e9 tudo em regime de voluntariado, e as entidades t\u00eam sido membros fant\u00e1sticos porque a disponibilidade para ir \u00e0s escolas e \u00e0s institui\u00e7\u00f5es, porque h\u00e1 um grande desconhecimento porque a \u00e1rea da defici\u00eancia \u00e9 uma \u00e1rea multidisciplinar, \u00e9 uma \u00e1rea muito abrangente, muito complexa tamb\u00e9m, e t\u00eam sido muitas as atividades. Mesmo no tempo da pandemia, n\u00e3o estivemos parados, fizemos sess\u00f5es online direcionadas para v\u00e1rias \u00e1reas.<\/p>\n\n\n\n<p><strong>FM &#8211; <\/strong><strong>Tamb\u00e9m \u00e9 ineg\u00e1vel a pr\u00f3pria aprendizagem conjunta que permite \u00e0s pessoas que integram o F\u00f3rum Municipal. Ou seja, a maioria acaba por ter no\u00e7\u00e3o das realidades espec\u00edficas dos clientes e dos utentes a que d\u00e3o resposta, mas depois h\u00e1 sempre um desconhecimento de outras condi\u00e7\u00f5es e perfis de incapacidade e ent\u00e3o, al\u00e9m de ser uma esp\u00e9cie de confession\u00e1rio em que toda a gente pode partilhar as suas frustra\u00e7\u00f5es porque existem, mas criam-se ali momentos tamb\u00e9m de muita aprendizagem, n\u00e3o concorda?<\/strong><strong><\/strong><\/p>\n\n\n\n<p><strong>PO &#8211;<\/strong> Muito. Em termos pessoais, sou uma pessoa muito mais rica, portanto foi um privil\u00e9gio e uma honra fazer parte deste F\u00f3rum. As pol\u00edticas sociais promovidas pelo munic\u00edpio para a \u00e1rea de inclus\u00e3o e de defici\u00eancia, que propomos ao senhor presidente para aplicar no concelho, resulta de um diagn\u00f3stico, mas tamb\u00e9m deste trabalho de aprendizagem. O munic\u00edpio foi investidor social em alguns projetos: foram decis\u00f5es pensadas, mas f\u00e1ceis de tomar, porque resultam deste trabalho articulado e do conhecimento no territ\u00f3rio e do trabalho do F\u00f3rum. Muitas das candidaturas resultaram tamb\u00e9m, direta e indiretamente, deste trabalho e destas sinergias do F\u00f3rum Municipal, portanto est\u00e1 tudo interconectado.<\/p>\n\n\n\n<figure class=\"wp-block-image size-large\"><img loading=\"lazy\" decoding=\"async\" width=\"1024\" height=\"681\" src=\"https:\/\/forumdeficiencia.guimaraes.pt\/wp-content\/uploads\/2025\/08\/agosto-2025_po-1024x681.png\" alt=\"\" class=\"wp-image-3322\" srcset=\"https:\/\/forumdeficiencia.guimaraes.pt\/wp-content\/uploads\/2025\/08\/agosto-2025_po-1024x681.png 1024w, https:\/\/forumdeficiencia.guimaraes.pt\/wp-content\/uploads\/2025\/08\/agosto-2025_po-300x200.png 300w, https:\/\/forumdeficiencia.guimaraes.pt\/wp-content\/uploads\/2025\/08\/agosto-2025_po-768x511.png 768w, https:\/\/forumdeficiencia.guimaraes.pt\/wp-content\/uploads\/2025\/08\/agosto-2025_po-1536x1021.png 1536w, https:\/\/forumdeficiencia.guimaraes.pt\/wp-content\/uploads\/2025\/08\/agosto-2025_po.png 2000w\" sizes=\"auto, (max-width: 1024px) 100vw, 1024px\" \/><\/figure>\n\n\n\n<blockquote class=\"wp-block-quote is-layout-flow wp-block-quote-is-layout-flow\">\n<p><strong>\u201cN\u00e3o voltamos para tr\u00e1s, temos \u00e9 que fazer mais e melhor agora. Ou seja, o que j\u00e1 est\u00e1 conseguido \u00e9 para manter nos anos presentes e futuros, agora precisamos de ir ainda mais longe\u201d. Paula Oliveira<\/strong><\/p>\n<\/blockquote>\n\n\n\n<p><strong>FM &#8211; Apesar dos progressos, que desafios ainda persistem no concelho no que diz respeito \u00e0 plena participa\u00e7\u00e3o das pessoas com defici\u00eancia, \u00e0 acessibilidade, integra\u00e7\u00e3o no mercado de trabalho ou sensibiliza\u00e7\u00e3o da comunidade?<\/strong><\/p>\n\n\n\n<p><strong>PO &#8211;<\/strong> N\u00e3o obstante ter havido um avan\u00e7o em termos de legisla\u00e7\u00e3o &#8211; \u00e9 aquilo que costumo dizer muitas vezes, e n\u00e3o \u00e9 nada de novo &#8211; n\u00f3s somos muito ricos e Portugal em termos de legisla\u00e7\u00e3o, temos instrumentos europeus, temos a legisla\u00e7\u00e3o portuguesa, temos os ODS [Objetivos de Desenvolvimento Sustent\u00e1veis], temos a Estrat\u00e9gia Nacional para a Inclus\u00e3o das Pessoas com Defici\u00eancia, mas depois, entre o que est\u00e1 na legisla\u00e7\u00e3o e o cumprimento destes objetivos h\u00e1 um grande distanciamento, pese embora j\u00e1 tenha havido caminho, mas temos que ir mais longe. E um dos grandes desafios \u00e9 a integra\u00e7\u00e3o no mercado de trabalho, n\u00f3s temos jovens, adultos, com grandes capacidades e que, havendo uma maior disponibilidade das empresas, das institui\u00e7\u00f5es, uns com mais capacidades em umas \u00e1reas, outros noutras, precisam de oportunidades para mostrarem que t\u00eam essa capacidade, porque t\u00eam de trabalhar, e precisamos, em termos de responsabilidade social, a comunidade em geral, as nossas empresas, as nossas institui\u00e7\u00f5es, darem esta oportunidade \u00e0s pessoas com defici\u00eancia.<\/p>\n\n\n\n<p><strong>FM &#8211; Olhando para o futuro, que estrat\u00e9gias ou \u00e1reas de a\u00e7\u00e3o deveriam ser priorit\u00e1rias para os pr\u00f3ximos&nbsp;anos&nbsp;do&nbsp;F\u00f3rum?<\/strong><\/p>\n\n\n\n<p><strong>PO &#8211;<\/strong> H\u00e1 um slogan, mais do que um slogan tem de ser uma realidade, que nos ficou na mem\u00f3ria, que \u00e9 \u201ceu fa\u00e7o parte\u201d na Capital Europeia da Cultura 2012. E isso vale hoje. Todos fazemos parte. E as pessoas com defici\u00eancia t\u00eam que participar, t\u00eam que ter voz na Capital Verde, na Feira Afonsina, nas Festas Gualterianas, ou seja, em todas as atividades do dia-a-dia, a igualdade na participa\u00e7\u00e3o. Tem havido um investimento muito grande na mobilidade e transportes, mas temos que apostar noutra vertente que \u00e9 a do trabalho e integra\u00e7\u00e3o. Refor\u00e7ar tudo isto, fazer mais e melhor. N\u00e3o voltamos para tr\u00e1s, temos \u00e9 que fazer mais e melhor agora. Ou seja, o que j\u00e1 est\u00e1 conseguido \u00e9 para manter nos anos presentes e futuros, agora precisamos de ir ainda mais longe.<\/p>\n","protected":false},"excerpt":{"rendered":"<p>Respons\u00e1vel por representar o presidente da C\u00e2mara Municipal de Guimar\u00e3es, Domingos Bragan\u00e7a, no F\u00f3rum Municipal das Pessoas com Defici\u00eancia, a vereadora da Coes\u00e3o Social, Paula Oliveira, j\u00e1 soma 15 anos no acompanhamento da atividade deste \u00f3rg\u00e3o informal que completou, em 2024, duas d\u00e9cadas.\u00a0 Nesta entrevista de balan\u00e7o, a vereadora destaca os progressos conquistados, a for\u00e7a [&hellip;]<\/p>\n","protected":false},"author":2,"featured_media":3312,"comment_status":"open","ping_status":"open","sticky":false,"template":"","format":"standard","meta":{"_monsterinsights_skip_tracking":false,"_monsterinsights_sitenote_active":false,"_monsterinsights_sitenote_note":"","_monsterinsights_sitenote_category":0,"footnotes":""},"categories":[1],"tags":[],"class_list":["post-3305","post","type-post","status-publish","format-standard","has-post-thumbnail","hentry","category-uncategorized"],"_links":{"self":[{"href":"https:\/\/forumdeficiencia.guimaraes.pt\/index.php?rest_route=\/wp\/v2\/posts\/3305","targetHints":{"allow":["GET"]}}],"collection":[{"href":"https:\/\/forumdeficiencia.guimaraes.pt\/index.php?rest_route=\/wp\/v2\/posts"}],"about":[{"href":"https:\/\/forumdeficiencia.guimaraes.pt\/index.php?rest_route=\/wp\/v2\/types\/post"}],"author":[{"embeddable":true,"href":"https:\/\/forumdeficiencia.guimaraes.pt\/index.php?rest_route=\/wp\/v2\/users\/2"}],"replies":[{"embeddable":true,"href":"https:\/\/forumdeficiencia.guimaraes.pt\/index.php?rest_route=%2Fwp%2Fv2%2Fcomments&post=3305"}],"version-history":[{"count":16,"href":"https:\/\/forumdeficiencia.guimaraes.pt\/index.php?rest_route=\/wp\/v2\/posts\/3305\/revisions"}],"predecessor-version":[{"id":3324,"href":"https:\/\/forumdeficiencia.guimaraes.pt\/index.php?rest_route=\/wp\/v2\/posts\/3305\/revisions\/3324"}],"wp:featuredmedia":[{"embeddable":true,"href":"https:\/\/forumdeficiencia.guimaraes.pt\/index.php?rest_route=\/wp\/v2\/media\/3312"}],"wp:attachment":[{"href":"https:\/\/forumdeficiencia.guimaraes.pt\/index.php?rest_route=%2Fwp%2Fv2%2Fmedia&parent=3305"}],"wp:term":[{"taxonomy":"category","embeddable":true,"href":"https:\/\/forumdeficiencia.guimaraes.pt\/index.php?rest_route=%2Fwp%2Fv2%2Fcategories&post=3305"},{"taxonomy":"post_tag","embeddable":true,"href":"https:\/\/forumdeficiencia.guimaraes.pt\/index.php?rest_route=%2Fwp%2Fv2%2Ftags&post=3305"}],"curies":[{"name":"wp","href":"https:\/\/api.w.org\/{rel}","templated":true}]}}