{"id":332,"date":"2019-01-15T12:28:01","date_gmt":"2019-01-15T12:28:01","guid":{"rendered":"http:\/\/forumdeficiencia.guimaraes.pt\/?p=332"},"modified":"2019-01-15T12:33:57","modified_gmt":"2019-01-15T12:33:57","slug":"apcg-campeonato-regional-de-boccia-da-classe-bc2","status":"publish","type":"post","link":"https:\/\/forumdeficiencia.guimaraes.pt\/?p=332","title":{"rendered":"APCG: Campeonato Regional de Boccia da classe BC2"},"content":{"rendered":"<p>Cristiana Marques e Miguel Gomes foram os dois atletas que representaram a APCG na primeira volta do Campeonato Regional de Boccia da classe BC2, disputado a 05 e 06 de janeiro, na P\u00f3voa de Varzim por 55 atletas de 15 clubes\/associa\u00e7\u00f5es.<\/p>\n<p><!--more--><br \/>\nNa fase de Knockout o atleta Miguel Gomes foi eliminado nos quartos-de-final, perdendo o seu jogo com o atleta Albino Nascimento (que se sagrou vencedor do torneio) por 4-1.<\/p>\n<p>J\u00e1 a atleta Cristiana Marques, segundo a APCG, fez um campeonato brilhante, mas na final perdeu por 5-4 para o j\u00e1 mencionado Albino Nascimento, na \u00fanica derrota que sofreu.<\/p>\n<p>\u201cEsta presta\u00e7\u00e3o coloca os atletas da APCG numa excelente posi\u00e7\u00e3o para disputarem o t\u00edtulo de campe\u00e3o nacional da segunda divis\u00e3o. A APCG e os seus atletas tudo far\u00e3o para que esse t\u00edtulo venha para a Cidade Ber\u00e7o\u201d, l\u00ea-se na publica\u00e7\u00e3o do Facebook.<\/p>\n<p>Resultados finais <a href=\"http:\/\/pcand.pt\/sites\/default\/files\/documentos\/resultados_finais_povoa_2019_0.pdf\">AQUI<\/a><\/p>\n<p><strong><img loading=\"lazy\" decoding=\"async\" class=\"size-medium wp-image-337 alignleft\" src=\"http:\/\/forumdeficiencia.guimaraes.pt\/wp-content\/uploads\/2019\/01\/venda_apcg-225x300.jpg\" alt=\"\" width=\"225\" height=\"300\" srcset=\"https:\/\/forumdeficiencia.guimaraes.pt\/wp-content\/uploads\/2019\/01\/venda_apcg-225x300.jpg 225w, https:\/\/forumdeficiencia.guimaraes.pt\/wp-content\/uploads\/2019\/01\/venda_apcg.jpg 720w\" sizes=\"auto, (max-width: 225px) 100vw, 225px\" \/>Venda solid\u00e1ria de artesanato<\/strong><br \/>\nA APCG desenvolve diversos produtos que podem ser comprados diretamente na institui\u00e7\u00e3o, situada em Penselo, Guimar\u00e3es. Ao adquirir estes obras de artesanato exclusivas est\u00e1 a apoiar a miss\u00e3o da institui\u00e7\u00e3o vimaranense a favor da pessoa com paralisia cerebral. A APCG desenvolve produtos \u00fanicos, nomeadamente caixas decoradas e personalizadas para guardar mem\u00f3rias queridas, como por exemplo, fotografias, o primeiro fatinho de um rec\u00e9m-nascido ou a roupinha do batizado, a vela e a toalha de uma crian\u00e7a.<\/p>\n<p>&nbsp;<\/p>\n<p>&nbsp;<\/p>\n<p>&nbsp;<\/p>\n<p>&nbsp;<\/p>\n<p><img loading=\"lazy\" decoding=\"async\" class=\"alignleft wp-image-336 size-medium\" src=\"http:\/\/forumdeficiencia.guimaraes.pt\/wp-content\/uploads\/2019\/01\/festa-natal-apcg-223x300.jpg\" alt=\"\" width=\"223\" height=\"300\" srcset=\"https:\/\/forumdeficiencia.guimaraes.pt\/wp-content\/uploads\/2019\/01\/festa-natal-apcg-223x300.jpg 223w, https:\/\/forumdeficiencia.guimaraes.pt\/wp-content\/uploads\/2019\/01\/festa-natal-apcg.jpg 714w\" sizes=\"auto, (max-width: 223px) 100vw, 223px\" \/><\/p>\n<p><strong>Festa de Natal<\/strong><\/p>\n<p>A passadeira vermelha estendida para receber os clientes da Associa\u00e7\u00e3o de Paralisia Cerebral de Guimar\u00e3es e os respetivos familiares e amigos era ladeada por dois bonecos de neve feitos de bal\u00f5es. Uma rece\u00e7\u00e3o que antevia uma festa de Natal cheia de anima\u00e7\u00e3o.<\/p>\n<p>&nbsp;<\/p>\n<p>&nbsp;<\/p>\n<p>&nbsp;<\/p>\n<p>&nbsp;<\/p>\n<p>&nbsp;<\/p>\n","protected":false},"excerpt":{"rendered":"<p>Cristiana Marques e Miguel Gomes foram os dois atletas que representaram a APCG na primeira volta do Campeonato Regional de Boccia da classe BC2, disputado a 05 e 06 de janeiro, na P\u00f3voa de Varzim por 55 atletas de 15 clubes\/associa\u00e7\u00f5es.<\/p>\n","protected":false},"author":2,"featured_media":340,"comment_status":"open","ping_status":"open","sticky":false,"template":"","format":"standard","meta":{"_monsterinsights_skip_tracking":false,"_monsterinsights_sitenote_active":false,"_monsterinsights_sitenote_note":"","_monsterinsights_sitenote_category":0,"footnotes":""},"categories":[1],"tags":[],"class_list":["post-332","post","type-post","status-publish","format-standard","has-post-thumbnail","hentry","category-uncategorized"],"_links":{"self":[{"href":"https:\/\/forumdeficiencia.guimaraes.pt\/index.php?rest_route=\/wp\/v2\/posts\/332","targetHints":{"allow":["GET"]}}],"collection":[{"href":"https:\/\/forumdeficiencia.guimaraes.pt\/index.php?rest_route=\/wp\/v2\/posts"}],"about":[{"href":"https:\/\/forumdeficiencia.guimaraes.pt\/index.php?rest_route=\/wp\/v2\/types\/post"}],"author":[{"embeddable":true,"href":"https:\/\/forumdeficiencia.guimaraes.pt\/index.php?rest_route=\/wp\/v2\/users\/2"}],"replies":[{"embeddable":true,"href":"https:\/\/forumdeficiencia.guimaraes.pt\/index.php?rest_route=%2Fwp%2Fv2%2Fcomments&post=332"}],"version-history":[{"count":6,"href":"https:\/\/forumdeficiencia.guimaraes.pt\/index.php?rest_route=\/wp\/v2\/posts\/332\/revisions"}],"predecessor-version":[{"id":345,"href":"https:\/\/forumdeficiencia.guimaraes.pt\/index.php?rest_route=\/wp\/v2\/posts\/332\/revisions\/345"}],"wp:featuredmedia":[{"embeddable":true,"href":"https:\/\/forumdeficiencia.guimaraes.pt\/index.php?rest_route=\/wp\/v2\/media\/340"}],"wp:attachment":[{"href":"https:\/\/forumdeficiencia.guimaraes.pt\/index.php?rest_route=%2Fwp%2Fv2%2Fmedia&parent=332"}],"wp:term":[{"taxonomy":"category","embeddable":true,"href":"https:\/\/forumdeficiencia.guimaraes.pt\/index.php?rest_route=%2Fwp%2Fv2%2Fcategories&post=332"},{"taxonomy":"post_tag","embeddable":true,"href":"https:\/\/forumdeficiencia.guimaraes.pt\/index.php?rest_route=%2Fwp%2Fv2%2Ftags&post=332"}],"curies":[{"name":"wp","href":"https:\/\/api.w.org\/{rel}","templated":true}]}}