{"id":3373,"date":"2025-10-29T13:34:29","date_gmt":"2025-10-29T13:34:29","guid":{"rendered":"https:\/\/forumdeficiencia.guimaraes.pt\/?p=3373"},"modified":"2025-11-13T07:10:39","modified_gmt":"2025-11-13T07:10:39","slug":"um-advento-gigante-o-clipp-de-brito-cria-um-calendario-que-une-a-comunidade","status":"publish","type":"post","link":"https:\/\/forumdeficiencia.guimaraes.pt\/?p=3373","title":{"rendered":"Um advento gigante: o CLIPP de Brito cria um calend\u00e1rio que une a comunidade"},"content":{"rendered":"\n<p>Agora vamos falar de um calend\u00e1rio de advento. Nada de novo. Mas este n\u00e3o \u00e9 um calend\u00e1rio de advento qualquer. Este projeto, por um lado, aquece qualquer cora\u00e7\u00e3o, mas por outro, tamb\u00e9m o faz bater mais depressa s\u00f3 de pensar no tamanho do desafio. No Centro e Lar Inclusivos do Polo do Para\u00edso do Centro Social de Brito (CLIPP) est\u00e1 em marcha, h\u00e1 meses, uma verdadeira maratona criativa e solid\u00e1ria: a constru\u00e7\u00e3o de um calend\u00e1rio do advento megal\u00f3mano, que promete encantar e unir toda a comunidade neste Natal.<\/p>\n\n\n\n<!--more-->\n\n\n\n<p>Trata-se de um livro gigante a imitar a vers\u00e3o tradicional de capa vermelha e grafia dourada que, depois de aberto, revela 24 caixinhas com desenhos a ilustrar a hist\u00f3ria criada pelos utentes da institui\u00e7\u00e3o. Mas, al\u00e9m da vers\u00e3o escrita desta hist\u00f3ria, existe na zona central do livro 24 bot\u00f5es que acionam a vers\u00e3o audiobook deste conto de Natal.&nbsp;<\/p>\n\n\n\n<p>O plano \u00e9 ambicioso: mil calend\u00e1rios artesanais, com hist\u00f3rias narradas e escritas, bombons, e um sem-fim de pequenos pormenores que fazem toda a diferen\u00e7a. No total, o projeto envolve: mil sistemas de \u00e1udio para ouvir a hist\u00f3ria gravada, 24 mil caixas para as vers\u00f5es em papel das hist\u00f3rias e para os chocolates, que sublinhe-se, s\u00e3o tamb\u00e9m 24 mil bombons. A isto somam-se duas mil fitas para fechar esta doce e gigante hist\u00f3ria, cerca de 50 mil n\u00fameros para assinalar a contagem regressiva at\u00e9 a V\u00e9spera de Natal e, claro, muita cola, tinta, paci\u00eancia e dedica\u00e7\u00e3o.<\/p>\n\n\n\n<p>Entre pinc\u00e9is, tintas e peda\u00e7os de cart\u00e3o, uma das hist\u00f3rias mais surpreendentes deste projeto \u00e9 a do Diogo Leite, que no in\u00edcio n\u00e3o conseguia sequer entrar na sala de pintura.<\/p>\n\n\n\n<p>Tinha avers\u00e3o \u00e0 tinta, ao toque pegajoso, ao cheiro, n\u00e3o queria sujar as m\u00e3os. \u201cEle n\u00e3o queria usar tinta, nem luvas \u2014 e mesmo com luvas n\u00e3o se sentia bem\u201d, recorda a t\u00e9cnica Elsa Castro, entre um sorriso orgulhoso e emocionado. \u201cN\u00e3o \u00e9, Diogo? Tu n\u00e3o querias, pois n\u00e3o? O que \u00e9 que te chateava?\u201d, comenta a monitora. \u201cEra a tinta. Eu gosto muito\u201d, responde Diogo. \u201cAgora gostas, mas antes, o que \u00e9 que te chateava? O cheiro?\u201d, interroga Elsa Castro. \u201cN\u00e3o, n\u00e3o, as luvas\u201d, responde novamente Diogo. \u201c\u00c9 que ele n\u00e3o queria sujar as m\u00e3os e tinha que cal\u00e7ar luvas\u201d, contextualiza a t\u00e9cnica.<\/p>\n\n\n\n<p>Mas, com o tempo, o Diogo come\u00e7ou a arriscar e, hoje, \u00e9 um dos mais empenhados da equipa, dominando j\u00e1 a t\u00e9cnica de segunda m\u00e3o, respons\u00e1vel pelos acabamentos de pintura dos calend\u00e1rios. \u201cEle ultrapassou v\u00e1rias barreiras. E n\u00f3s fizemos quest\u00e3o de o parabenizar e falar com a fam\u00edlia. E dizer-lhe que ele est\u00e1 mesmo a ser a revolu\u00e7\u00e3o do calend\u00e1rio deste ano\u201d, afirma Elsa Castro.&nbsp;<\/p>\n\n\n\n<p>Os participantes do CLIPP, pessoas com diferentes perfis de incapacidades, est\u00e3o no centro de todo o processo: pintam, colam e montam, e d\u00e3o mostras de que a criatividade e o talento n\u00e3o t\u00eam limites.<\/p>\n\n\n\n<p>A Mariana Gomes \u00e9 a mais dedicada e, por ela, n\u00e3o trocava esta atividade por nenhuma outra. O Jo\u00e3o Silva \u00e9 um dos participantes neste projeto que j\u00e1 passou pelas v\u00e1rias tarefas que t\u00eam que ser executadas: primeira e segunda dem\u00e3os, corte das fitas, coloca\u00e7\u00e3o das pilhas nos dispositivos de \u00e1udio, por sinal a que mais gosta. Garante que n\u00e3o se sente cansado, embora esteja ansioso por ver o calend\u00e1rio pronto para se vender.<\/p>\n\n\n\n<p>Al\u00e9m do trabalho manual, h\u00e1 tamb\u00e9m uma dimens\u00e3o tecnol\u00f3gica: o sistema de \u00e1udio permite que as hist\u00f3rias possam ser ouvidas, tornando o calend\u00e1rio acess\u00edvel a pessoas com defici\u00eancia visual ou dificuldades de leitura. Esta solu\u00e7\u00e3o representa uma forma de garantir que todas as pessoas possam sentir o encanto da contagem decrescente at\u00e9 ao Natal.<\/p>\n\n\n\n<p>\u201cO nosso calend\u00e1rio \u00e9 muito bonito, sempre foi, mas numa conversa entre todos, e tamb\u00e9m entrou a\u00ed muito o grupo de Autorrepresentantes, ach\u00e1mos que o calend\u00e1rio n\u00e3o era inclusivo\u201d, admitiu Elsa Castro. \u201cOu seja, era feito por eles, a\u00ed inclu\u00edamos na constru\u00e7\u00e3o, e depois, para ser visto e usado, n\u00e3o estava a ser inclusivo\u201d, confessa a monitora.&nbsp;<\/p>\n\n\n\n<p>A equipa e os utentes decidiram que este ano o calend\u00e1rio de advento tinha que chegar a mais pessoas: \u201cE atrav\u00e9s da hist\u00f3ria, que eles j\u00e1 andavam a pedir h\u00e1 algum tempo, conseguimos torn\u00e1-lo inclusivo\u201d, come\u00e7a por explicar a monitora.&nbsp; \u201cConseguimos criar um dispositivo de \u00e1udio para as pessoas invisuais, adaptamos a hist\u00f3ria a um texto mais simples, as pessoas que n\u00e3o conseguem ouvir ou ler, conseguem perfeitamente idealizar o seguimento de uma hist\u00f3ria atrav\u00e9s dos desenhos\u201d, descreve. \u201cFoi tudo pensado para essa parte mais inclusiva, e esperemos que nos pr\u00f3ximos anos ainda seja mais\u201d, remata Elsa Castro.&nbsp;<\/p>\n\n\n\n<p>Ao longo dos meses, o projeto transformou-se num verdadeiro laborat\u00f3rio de criatividade e inclus\u00e3o. Entre mesas cobertas de caixas, tinta e cola, la\u00e7os, sistemas de \u00e1udio e pilhas, sente-se uma energia contagiante e percebe-se um misto de ansiedade e alegria que s\u00f3 quem v\u00ea o material a circular e sente o cheiro da cola e tinta no ar compreende.&nbsp;<\/p>\n\n\n\n<p>Todos os calend\u00e1rios de advento criados no CLIPP foram ao encontro das expetativas dos utentes e este n\u00e3o foi exce\u00e7\u00e3o. H\u00e1 muito se sonhava com uma hist\u00f3ria e, em 2025, finalmente se avan\u00e7ou para a contar. Foi nas reuni\u00f5es de autorrepresentantes que o conto de natal come\u00e7ou a ganhar forma.&nbsp;<\/p>\n\n\n\n<p>\u201cA hist\u00f3ria \u00e9 baseada no apag\u00e3o\u201d, come\u00e7a por desvendar Tiago Almeida. \u201cEm que a personagem chamada Sim\u00e3o, escolhida por todos, gostava muito do Natal e achava que os telem\u00f3veis j\u00e1 n\u00e3o estavam muito a fazer sentido\u201d, explica.\u201dEnt\u00e3o ele queria fazer muitas coisas, mas os pais n\u00e3o ligavam muito ao Sim\u00e3o\u201d. O resto? \u00c9 esperar que os calend\u00e1rios fiquem prontos e comprar um exemplar desta iniciativa que junta utentes, t\u00e9cnicos, empres\u00e1rios e fam\u00edlias, todos com este objetivo comum de criar algo especial que simbolize o esp\u00edrito do Natal e a import\u00e2ncia da inclus\u00e3o.&nbsp;<\/p>\n\n\n\n<p>Quando finalmente os 1000 calend\u00e1rios estiverem prontos, vai-se perceber que cada um deles conta n\u00e3o s\u00f3 uma hist\u00f3ria de Natal, mas tamb\u00e9m a pr\u00f3pria hist\u00f3ria de esfor\u00e7o e uni\u00e3o do CLIPP do Centro Social de Brito.<\/p>\n\n\n\n<p>E, embora haja um investimento financeiro em materiais que ainda n\u00e3o foi substitu\u00eddo por patroc\u00ednios, h\u00e1 um parceiro essencial que todos os anos se junta a este projeto: a empresa Embalcut &#8211; Ind\u00fastria de Embalagens, Lda, onde alguns utentes do CLIPP fazem as respectivas Atividades Socialmente \u00dateis (ASUs).<\/p>\n\n\n\n<p>\u201cOu seja, n\u00e3o queremos fazer do calend\u00e1rio uma coisa industrializada a ponto de eles s\u00f3 darem a ideia\u201d, sublinha Elsa Castro. \u201cN\u00f3s fazemos sempre o prot\u00f3tipo, tudo \u00e0 m\u00e3o, com o cart\u00e3o que temos. E depois eles estudam tamb\u00e9m o calend\u00e1rio connosco. O que d\u00e1 para melhorar, eles at\u00e9 melhoram, sempre em conversa connosco\u201d, descreve a monitora. \u201cSe d\u00e1 ou n\u00e3o, em termos de produ\u00e7\u00e3o, n\u00e3o \u00e9? Para lhes facilitar\u201d, explica.<\/p>\n\n\n\n<blockquote class=\"wp-block-quote is-layout-flow wp-block-quote-is-layout-flow\">\n<p><strong>\u201cMas eles t\u00eam sempre o cuidado de deixar sempre uma parte do trabalho para os jovens. Ou seja, eles nunca querem, nem n\u00f3s, que venha um produto feito e seja s\u00f3 a empresa a fazer por n\u00f3s. Eles preocupam-se que haja sempre uma parte que os jovens conseguem fazer, que \u00e9 o trabalho deles\u201d. Elsa Castro<\/strong><\/p>\n<\/blockquote>\n\n\n\n<p>E este requisito de garantir que cada participante tem o seu papel e deixa a sua marca foi plenamente cumprido. E, por isso, o Calend\u00e1rio do Advento do CLIPP \u00e9 muito mais do que um produto: \u00e9 uma obra coletiva, um testemunho de perseveran\u00e7a e um lembrete de que a magia do Natal acontece quando as pessoas se juntam para criar, algo bonito e inclusivo, juntas.<\/p>\n\n\n\n<p>V\u00eddeo de apresenta\u00e7\u00e3o do Calend\u00e1rio de advento: <a href=\"https:\/\/www.facebook.com\/watch\/?v=1752541725446167\">https:\/\/www.facebook.com\/watch\/?v=1752541725446167<\/a> <\/p>\n\n\n\n<p>As encomendas podem ser feitas at\u00e9 23 de novembro. O Calend\u00e1rio do advento tem um custo de 20 clippinhos <\/p>\n\n\n\n<p>Contactos: <\/p>\n\n\n\n<p>Sede: Rua das Escolas Prim\u00e1rias n\u00ba 21, 4805-020 \u2013 Brito | Telefone: 253 572 414<br>Polo Para\u00edso: Rua do Para\u00edso n\u00ba 812, 4835-612 \u2013 S\u00e3o Jorge de Selho | Telefone: 253 772 780<\/p>\n\n\n\n<p><\/p>\n","protected":false},"excerpt":{"rendered":"<p>Agora vamos falar de um calend\u00e1rio de advento. Nada de novo. Mas este n\u00e3o \u00e9 um calend\u00e1rio de advento qualquer. Este projeto, por um lado, aquece qualquer cora\u00e7\u00e3o, mas por outro, tamb\u00e9m o faz bater mais depressa s\u00f3 de pensar no tamanho do desafio. No Centro e Lar Inclusivos do Polo do Para\u00edso do Centro [&hellip;]<\/p>\n","protected":false},"author":2,"featured_media":3374,"comment_status":"open","ping_status":"open","sticky":false,"template":"","format":"standard","meta":{"_monsterinsights_skip_tracking":false,"_monsterinsights_sitenote_active":false,"_monsterinsights_sitenote_note":"","_monsterinsights_sitenote_category":0,"footnotes":""},"categories":[1],"tags":[],"class_list":["post-3373","post","type-post","status-publish","format-standard","has-post-thumbnail","hentry","category-uncategorized"],"_links":{"self":[{"href":"https:\/\/forumdeficiencia.guimaraes.pt\/index.php?rest_route=\/wp\/v2\/posts\/3373","targetHints":{"allow":["GET"]}}],"collection":[{"href":"https:\/\/forumdeficiencia.guimaraes.pt\/index.php?rest_route=\/wp\/v2\/posts"}],"about":[{"href":"https:\/\/forumdeficiencia.guimaraes.pt\/index.php?rest_route=\/wp\/v2\/types\/post"}],"author":[{"embeddable":true,"href":"https:\/\/forumdeficiencia.guimaraes.pt\/index.php?rest_route=\/wp\/v2\/users\/2"}],"replies":[{"embeddable":true,"href":"https:\/\/forumdeficiencia.guimaraes.pt\/index.php?rest_route=%2Fwp%2Fv2%2Fcomments&post=3373"}],"version-history":[{"count":4,"href":"https:\/\/forumdeficiencia.guimaraes.pt\/index.php?rest_route=\/wp\/v2\/posts\/3373\/revisions"}],"predecessor-version":[{"id":3404,"href":"https:\/\/forumdeficiencia.guimaraes.pt\/index.php?rest_route=\/wp\/v2\/posts\/3373\/revisions\/3404"}],"wp:featuredmedia":[{"embeddable":true,"href":"https:\/\/forumdeficiencia.guimaraes.pt\/index.php?rest_route=\/wp\/v2\/media\/3374"}],"wp:attachment":[{"href":"https:\/\/forumdeficiencia.guimaraes.pt\/index.php?rest_route=%2Fwp%2Fv2%2Fmedia&parent=3373"}],"wp:term":[{"taxonomy":"category","embeddable":true,"href":"https:\/\/forumdeficiencia.guimaraes.pt\/index.php?rest_route=%2Fwp%2Fv2%2Fcategories&post=3373"},{"taxonomy":"post_tag","embeddable":true,"href":"https:\/\/forumdeficiencia.guimaraes.pt\/index.php?rest_route=%2Fwp%2Fv2%2Ftags&post=3373"}],"curies":[{"name":"wp","href":"https:\/\/api.w.org\/{rel}","templated":true}]}}