{"id":3378,"date":"2025-10-28T05:38:41","date_gmt":"2025-10-28T05:38:41","guid":{"rendered":"https:\/\/forumdeficiencia.guimaraes.pt\/?p=3378"},"modified":"2025-11-13T05:48:09","modified_gmt":"2025-11-13T05:48:09","slug":"diana-pereira-a-verdade-e-que-quando-digo-que-sou-terapeuta-ocupacional-poucas-sao-as-pessoas-que-sabem-o-que-realmente-faco","status":"publish","type":"post","link":"https:\/\/forumdeficiencia.guimaraes.pt\/?p=3378","title":{"rendered":"Diana Pereira: \u201cA verdade \u00e9 que quando digo que sou terapeuta ocupacional poucas s\u00e3o as pessoas que sabem o que realmente fa\u00e7o\u201d."},"content":{"rendered":"\n<p>No dia 27 de outubro celebrou-se o Dia Mundial da Terapia Ocupacional, uma data que pretende reconhecer e valorizar o contributo destes profissionais na promo\u00e7\u00e3o da autonomia e bem-estar das pessoas. Para assinalar este dia, convers\u00e1mos com a terapeuta ocupacional do Centro de Actividades e Capacita\u00e7\u00e3o para a Inclus\u00e3o e do Lar Residencial Alecrim, val\u00eancias da Santa Casa da Miseric\u00f3rdia de Guimar\u00e3es, Diana Pereira, que sublinhou a import\u00e2ncia desta data para dar visibilidade ao papel destes profissionais e real\u00e7ou o impacto da terapia ocupacional na vida das pessoas que acompanha.<\/p>\n\n\n\n<!--more-->\n\n\n\n<p><strong>F\u00f3rum Municipal das Pessoas com Defici\u00eancia (FMPcD) &#8211; Para come\u00e7armos, pode explicar-nos de forma simples o que \u00e9 a Terapia Ocupacional?<\/strong><\/p>\n\n\n\n<p><strong>Diana Pereira (DP) &#8211;<\/strong> De forma simples, a Terapia Ocupacional ajuda as pessoas a realizar as atividades que s\u00e3o importantes para elas no dia a dia \u2013 seja comer, trabalhar, cuidar do jardim ou brincar. N\u00f3s chamamos estas atividades de \u201cocupa\u00e7\u00f5es\u201d. Pretendemos promover a autonomia das pessoas nas diferentes \u00e1reas da sua vida, adaptando o contexto, a pr\u00f3pria atividade ou at\u00e9 ensinando estrat\u00e9gias para que a pessoa a consiga fazer sozinha.<\/p>\n\n\n\n<p><strong>FMPcD &#8211; Que tipo de pessoas ou condi\u00e7\u00f5es beneficiam da interven\u00e7\u00e3o de um terapeuta ocupacional?<\/strong><\/p>\n\n\n\n<p><strong>DP &#8211;<\/strong> Podemos ajudar qualquer pessoa, de qualquer idade, que tenha dificuldade nas suas atividades di\u00e1rias. Tanto podemos ajudar uma crian\u00e7a que tenha dificuldades em saltar, como uma pessoa idosa com dem\u00eancia. Trabalhamos com todas as idades e condi\u00e7\u00f5es, sempre com foco na funcionalidade.<\/p>\n\n\n\n<p><strong>FMPcD &#8211; Pode dar-nos um exemplo pr\u00e1tico de como decorre uma sess\u00e3o de terapia ocupacional?<\/strong><\/p>\n\n\n\n<p><strong>DP &#8211; <\/strong>As sess\u00f5es podem ser muito variadas dependendo dos nossos objetivos e da pessoa com quem estamos a intervir. Por exemplo, podemos usar brincadeiras e jogos para estimular compet\u00eancias motoras numa crian\u00e7a. Ou podemos treinar com um adulto atividades como voltar a alimentar-se ou a vestir-se sozinho ap\u00f3s um AVC [Acidente Vascular Cerebral]. N\u00e3o h\u00e1 duas sess\u00f5es iguais, cada uma \u00e9 planeada tendo em conta a pessoa e os seus objetivos.<\/p>\n\n\n\n<p><strong>FMPcD &#8211; Muitas vezes, h\u00e1 alguma confus\u00e3o entre terapia ocupacional e fisioterapia. Quais s\u00e3o as principais diferen\u00e7as entre estas duas \u00e1reas?<\/strong><\/p>\n\n\n\n<p><strong>DP &#8211;<\/strong> \u00c9 verdade, h\u00e1 alguma confus\u00e3o. A principal diferen\u00e7a est\u00e1 no objetivo da nossa interven\u00e7\u00e3o. A fisioterapia foca-se na reabilita\u00e7\u00e3o e recupera\u00e7\u00e3o da parte f\u00edsica e do movimento, j\u00e1 n\u00f3s, na terapia ocupacional, trabalhamos o uso desse movimento nas tarefas do dia a dia, ou seja, ajudamos a dar fun\u00e7\u00e3o ao movimento. N\u00e3o queremos apenas que a pessoa mexa o bra\u00e7o, queremos que ela seja capaz de usar o bra\u00e7o para pegar num objeto que est\u00e1 na prateleira da cozinha, por exemplo.<\/p>\n\n\n\n<p><strong>FMPcD &#8211; Quais s\u00e3o os principais desafios que enfrenta no seu dia a dia enquanto terapeuta ocupacional?<\/strong><\/p>\n\n\n\n<p><strong>DP &#8211;<\/strong> Um dos maiores desafios \u00e9 transversal a muitas \u00e1reas da sa\u00fade: faltam recursos e tempo de qualidade para intervir com cada utente. Muitas vezes temos muitos utentes e pouco tempo para uma interven\u00e7\u00e3o individualizada, o que limita o tempo de treino necess\u00e1rio para restaurar a funcionalidade. Mas fazemos o melhor poss\u00edvel com os recursos que temos.<\/p>\n\n\n\n<p><strong>FMPcD &#8211;<\/strong> <strong>Que papel desempenha o terapeuta ocupacional na promo\u00e7\u00e3o da autonomia e qualidade de vida das pessoas?<\/strong><\/p>\n\n\n\n<p><strong>DP &#8211;<\/strong> \u00c9 exatamente isso que procuramos: promover autonomia e qualidade de vida. Quando ajudamos uma pessoa a voltar a fazer o que \u00e9 significativo para ela, estamos a promover n\u00e3o s\u00f3 a sua autoestima, mas tamb\u00e9m a dar-lhe dignidade e qualidade de vida. Pode ser algo t\u00e3o simples como voltar a vestir-se sozinho, mas para quem perdeu essa capacidade, \u00e9 uma conquista enorme.<\/p>\n\n\n\n<p><strong>FMPcD &#8211; Como \u00e9 que a Terapia Ocupacional se adapta \u00e0s novas tecnologias ou \u00e0s mudan\u00e7as na sociedade, por exemplo, ao envelhecimento da popula\u00e7\u00e3o?<\/strong><\/p>\n\n\n\n<p><strong>DP &#8211; <\/strong>A Terapia Ocupacional est\u00e1 sempre a adaptar-se. Usamos aplica\u00e7\u00f5es para treino cognitivo, ajustamos os espa\u00e7os onde as pessoas vivem para que sejam mais seguros e funcionais e temos colegas que recorrem \u00e0 impress\u00e3o 3D para criar produtos de apoio personalizados, como por exemplo para puxar fichas da tomada. \u00c0 medida que a sociedade muda, n\u00f3s mudamos com ela, sempre com foco na autonomia e na qualidade de vida.<\/p>\n\n\n\n<p><strong>FMPcD &#8211;&nbsp; A 27 de outubro celebrou-se o Dia Mundial da Terapia Ocupacional. Qual \u00e9 a import\u00e2ncia desta data para os profissionais e para a visibilidade da profiss\u00e3o?<\/strong><\/p>\n\n\n\n<p><strong>DP &#8211;<\/strong> Assinalar esta data ajuda a divulgar e a dar visibilidade ao papel dos terapeutas ocupacionais na sociedade. A verdade \u00e9 que quando digo que sou terapeuta ocupacional poucas s\u00e3o as pessoas que sabem o que realmente fa\u00e7o. Assinalar o Dia Mundial da Terapia Ocupacional ajuda n\u00e3o s\u00f3 a divulgar mas tamb\u00e9m a valorizar o nosso trabalho e a mostrar o impacto que podemos ter na independ\u00eancia e qualidade de vida das pessoas que acompanhamos.<\/p>\n\n\n\n<figure class=\"wp-block-image size-large\"><img loading=\"lazy\" decoding=\"async\" width=\"1024\" height=\"1024\" src=\"https:\/\/forumdeficiencia.guimaraes.pt\/wp-content\/uploads\/2025\/11\/agosto2025-1024x1024.png\" alt=\"\" class=\"wp-image-3382\" srcset=\"https:\/\/forumdeficiencia.guimaraes.pt\/wp-content\/uploads\/2025\/11\/agosto2025-1024x1024.png 1024w, https:\/\/forumdeficiencia.guimaraes.pt\/wp-content\/uploads\/2025\/11\/agosto2025-300x300.png 300w, https:\/\/forumdeficiencia.guimaraes.pt\/wp-content\/uploads\/2025\/11\/agosto2025-150x150.png 150w, https:\/\/forumdeficiencia.guimaraes.pt\/wp-content\/uploads\/2025\/11\/agosto2025-768x768.png 768w, https:\/\/forumdeficiencia.guimaraes.pt\/wp-content\/uploads\/2025\/11\/agosto2025.png 1080w\" sizes=\"auto, (max-width: 1024px) 100vw, 1024px\" \/><\/figure>\n\n\n\n<p><strong>FMPcD &#8211; <\/strong>&nbsp;<strong>Que mensagem gostaria de deixar a quem ainda n\u00e3o conhece bem esta \u00e1rea, ou at\u00e9 a quem esteja a pensar seguir esta profiss\u00e3o?<\/strong><\/p>\n\n\n\n<p><strong>DP &#8211; <\/strong>Na Terapia Ocupacional temos uma vis\u00e3o centrada na pessoa. O nosso foco \u00e9 ajudar a pessoa tendo em conta os seus pontos fortes, h\u00e1bitos, cren\u00e7as e necessidades. Temos de saber ouvir e, muitas vezes, ler nas entrelinhas para conseguir ajudar a ultrapassar os desafios que impedem a sua autonomia. \u00c9 desafiante porque n\u00e3o h\u00e1 duas pessoas iguais, mesmo que tenham o mesmo diagn\u00f3stico, mas \u00e9 gratificante chegar ao final do dia e perceber que conseguimos fazer a diferen\u00e7a.<\/p>\n","protected":false},"excerpt":{"rendered":"<p>No dia 27 de outubro celebrou-se o Dia Mundial da Terapia Ocupacional, uma data que pretende reconhecer e valorizar o contributo destes profissionais na promo\u00e7\u00e3o da autonomia e bem-estar das pessoas. Para assinalar este dia, convers\u00e1mos com a terapeuta ocupacional do Centro de Actividades e Capacita\u00e7\u00e3o para a Inclus\u00e3o e do Lar Residencial Alecrim, val\u00eancias [&hellip;]<\/p>\n","protected":false},"author":2,"featured_media":3381,"comment_status":"open","ping_status":"open","sticky":false,"template":"","format":"standard","meta":{"_monsterinsights_skip_tracking":false,"_monsterinsights_sitenote_active":false,"_monsterinsights_sitenote_note":"","_monsterinsights_sitenote_category":0,"footnotes":""},"categories":[1],"tags":[],"class_list":["post-3378","post","type-post","status-publish","format-standard","has-post-thumbnail","hentry","category-uncategorized"],"_links":{"self":[{"href":"https:\/\/forumdeficiencia.guimaraes.pt\/index.php?rest_route=\/wp\/v2\/posts\/3378","targetHints":{"allow":["GET"]}}],"collection":[{"href":"https:\/\/forumdeficiencia.guimaraes.pt\/index.php?rest_route=\/wp\/v2\/posts"}],"about":[{"href":"https:\/\/forumdeficiencia.guimaraes.pt\/index.php?rest_route=\/wp\/v2\/types\/post"}],"author":[{"embeddable":true,"href":"https:\/\/forumdeficiencia.guimaraes.pt\/index.php?rest_route=\/wp\/v2\/users\/2"}],"replies":[{"embeddable":true,"href":"https:\/\/forumdeficiencia.guimaraes.pt\/index.php?rest_route=%2Fwp%2Fv2%2Fcomments&post=3378"}],"version-history":[{"count":1,"href":"https:\/\/forumdeficiencia.guimaraes.pt\/index.php?rest_route=\/wp\/v2\/posts\/3378\/revisions"}],"predecessor-version":[{"id":3383,"href":"https:\/\/forumdeficiencia.guimaraes.pt\/index.php?rest_route=\/wp\/v2\/posts\/3378\/revisions\/3383"}],"wp:featuredmedia":[{"embeddable":true,"href":"https:\/\/forumdeficiencia.guimaraes.pt\/index.php?rest_route=\/wp\/v2\/media\/3381"}],"wp:attachment":[{"href":"https:\/\/forumdeficiencia.guimaraes.pt\/index.php?rest_route=%2Fwp%2Fv2%2Fmedia&parent=3378"}],"wp:term":[{"taxonomy":"category","embeddable":true,"href":"https:\/\/forumdeficiencia.guimaraes.pt\/index.php?rest_route=%2Fwp%2Fv2%2Fcategories&post=3378"},{"taxonomy":"post_tag","embeddable":true,"href":"https:\/\/forumdeficiencia.guimaraes.pt\/index.php?rest_route=%2Fwp%2Fv2%2Ftags&post=3378"}],"curies":[{"name":"wp","href":"https:\/\/api.w.org\/{rel}","templated":true}]}}