{"id":3384,"date":"2025-10-24T05:59:08","date_gmt":"2025-10-24T05:59:08","guid":{"rendered":"https:\/\/forumdeficiencia.guimaraes.pt\/?p=3384"},"modified":"2025-11-13T06:14:51","modified_gmt":"2025-11-13T06:14:51","slug":"oportunidade-de-emprego-15-milhoes-de-euros-destinados-a-pessoas-com-deficiencia","status":"publish","type":"post","link":"https:\/\/forumdeficiencia.guimaraes.pt\/?p=3384","title":{"rendered":"Oportunidade de Emprego: 15 milh\u00f5es de euros destinados a pessoas com defici\u00eancia"},"content":{"rendered":"\n<p>O projeto PESSOAS\u20112030 lan\u00e7ou um novo aviso de candidaturas que visa fortalecer a inclus\u00e3o de pessoas com defici\u00eancia e\/ou incapacidade no mercado de trabalho. O programa, denominado PESSOAS\u20112025\u201118, destina-se a apoiar quem procura o primeiro emprego ou est\u00e1 desempregado, oferecendo est\u00e1gios em empresas e institui\u00e7\u00f5es para desenvolver compet\u00eancias profissionais, sociais e pessoais.<\/p>\n\n\n\n<!--more-->\n\n\n\n<p>Com uma dota\u00e7\u00e3o total de 15 milh\u00f5es de euros, incluindo 12,7 milh\u00f5es financiados pelo Fundo Social Europeu Mais (FSE+), a iniciativa \u00e9 gerida pelo Instituto do Emprego e Forma\u00e7\u00e3o Profissional (IEFP, I.P.), que receber\u00e1 as candidaturas de pessoas com defici\u00eancia e\/ou incapacidade registadas no servi\u00e7o p\u00fablico de emprego.<\/p>\n\n\n\n<p>O objetivo do programa \u00e9 promover a empregabilidade e a inclus\u00e3o socioprofissional, garantindo que estas pessoas tenham oportunidades reais de integra\u00e7\u00e3o no mercado laboral. Os est\u00e1gios poder\u00e3o ser realizados nas regi\u00f5es do Norte, Centro e Alentejo, e o prazo para submiss\u00e3o termina dia 6 de novembro \u00e0s 18h.<\/p>\n\n\n\n<p>&#x1f517;<a href=\"https:\/\/pessoas2030.gov.pt\/avisos\/\"> Consulte aqui o aviso de candidaturas<\/a><\/p>\n","protected":false},"excerpt":{"rendered":"<p>O projeto PESSOAS\u20112030 lan\u00e7ou um novo aviso de candidaturas que visa fortalecer a inclus\u00e3o de pessoas com defici\u00eancia e\/ou incapacidade no mercado de trabalho. O programa, denominado PESSOAS\u20112025\u201118, destina-se a apoiar quem procura o primeiro emprego ou est\u00e1 desempregado, oferecendo est\u00e1gios em empresas e institui\u00e7\u00f5es para desenvolver compet\u00eancias profissionais, sociais e pessoais.<\/p>\n","protected":false},"author":2,"featured_media":3385,"comment_status":"open","ping_status":"open","sticky":false,"template":"","format":"standard","meta":{"_monsterinsights_skip_tracking":false,"_monsterinsights_sitenote_active":false,"_monsterinsights_sitenote_note":"","_monsterinsights_sitenote_category":0,"footnotes":""},"categories":[1],"tags":[],"class_list":["post-3384","post","type-post","status-publish","format-standard","has-post-thumbnail","hentry","category-uncategorized"],"_links":{"self":[{"href":"https:\/\/forumdeficiencia.guimaraes.pt\/index.php?rest_route=\/wp\/v2\/posts\/3384","targetHints":{"allow":["GET"]}}],"collection":[{"href":"https:\/\/forumdeficiencia.guimaraes.pt\/index.php?rest_route=\/wp\/v2\/posts"}],"about":[{"href":"https:\/\/forumdeficiencia.guimaraes.pt\/index.php?rest_route=\/wp\/v2\/types\/post"}],"author":[{"embeddable":true,"href":"https:\/\/forumdeficiencia.guimaraes.pt\/index.php?rest_route=\/wp\/v2\/users\/2"}],"replies":[{"embeddable":true,"href":"https:\/\/forumdeficiencia.guimaraes.pt\/index.php?rest_route=%2Fwp%2Fv2%2Fcomments&post=3384"}],"version-history":[{"count":2,"href":"https:\/\/forumdeficiencia.guimaraes.pt\/index.php?rest_route=\/wp\/v2\/posts\/3384\/revisions"}],"predecessor-version":[{"id":3390,"href":"https:\/\/forumdeficiencia.guimaraes.pt\/index.php?rest_route=\/wp\/v2\/posts\/3384\/revisions\/3390"}],"wp:featuredmedia":[{"embeddable":true,"href":"https:\/\/forumdeficiencia.guimaraes.pt\/index.php?rest_route=\/wp\/v2\/media\/3385"}],"wp:attachment":[{"href":"https:\/\/forumdeficiencia.guimaraes.pt\/index.php?rest_route=%2Fwp%2Fv2%2Fmedia&parent=3384"}],"wp:term":[{"taxonomy":"category","embeddable":true,"href":"https:\/\/forumdeficiencia.guimaraes.pt\/index.php?rest_route=%2Fwp%2Fv2%2Fcategories&post=3384"},{"taxonomy":"post_tag","embeddable":true,"href":"https:\/\/forumdeficiencia.guimaraes.pt\/index.php?rest_route=%2Fwp%2Fv2%2Ftags&post=3384"}],"curies":[{"name":"wp","href":"https:\/\/api.w.org\/{rel}","templated":true}]}}