{"id":3394,"date":"2025-10-25T06:30:21","date_gmt":"2025-10-25T06:30:21","guid":{"rendered":"https:\/\/forumdeficiencia.guimaraes.pt\/?p=3394"},"modified":"2025-11-13T06:33:25","modified_gmt":"2025-11-13T06:33:25","slug":"observatorio-da-deficiencia-e-direitos-humanos-apresenta-novos-indicadores-sobre-os-direitos-das-pessoas-com-deficiencia-em-portugal","status":"publish","type":"post","link":"https:\/\/forumdeficiencia.guimaraes.pt\/?p=3394","title":{"rendered":"Observat\u00f3rio da Defici\u00eancia e Direitos Humanos apresenta novos indicadores sobre os direitos das pessoas com defici\u00eancia em Portugal"},"content":{"rendered":"\n<p>O Observat\u00f3rio da Defici\u00eancia e Direitos Humanos (ODDH) realiza no pr\u00f3ximo dia 11 de dezembro de 2025 o seu IX Encontro anual, em formato h\u00edbrido, no Instituto Superior de Ci\u00eancias Sociais e Pol\u00edticas (ISCSP) da Universidade de Lisboa, momento em que far\u00e1 a apresenta\u00e7\u00e3o p\u00fablica do relat\u00f3rio \u201cPessoas com Defici\u00eancia em Portugal \u2013 Indicadores de Direitos Humanos 2025\u201d.<\/p>\n\n\n\n<!--more-->\n\n\n\n<p>Desde a sua cria\u00e7\u00e3o, o ODDH tem desempenhado um papel central na monitoriza\u00e7\u00e3o da implementa\u00e7\u00e3o dos direitos humanos das pessoas com defici\u00eancia, acompanhando o cumprimento da Conven\u00e7\u00e3o das Na\u00e7\u00f5es Unidas sobre os Direitos das Pessoas com Defici\u00eancia (CRPD) em Portugal. Todos os anos, o Observat\u00f3rio elabora um relat\u00f3rio de refer\u00eancia, onde analisa dados e tend\u00eancias relacionadas com a inclus\u00e3o, acessibilidade, educa\u00e7\u00e3o, emprego, prote\u00e7\u00e3o social e participa\u00e7\u00e3o c\u00edvica.<\/p>\n\n\n\n<p>Ao longo das suas oito edi\u00e7\u00f5es anteriores, o ODDH tem contribu\u00eddo para um debate p\u00fablico informado sendo reconhecido como uma fonte essencial de diagn\u00f3stico e acompanhamento das pol\u00edticas p\u00fablicas no dom\u00ednio da defici\u00eancia.<\/p>\n\n\n\n<p>O IX Encontro ODDH 2025 constituir\u00e1, assim, um espa\u00e7o de reflex\u00e3o e di\u00e1logo entre investigadores, decisores pol\u00edticos, organiza\u00e7\u00f5es da sociedade civil e cidad\u00e3os, refor\u00e7ando o compromisso coletivo com a promo\u00e7\u00e3o da igualdade, da acessibilidade e do respeito pelos direitos humanos.<\/p>\n\n\n\n<p>O evento decorrer\u00e1 em formato h\u00edbrido, permitindo a participa\u00e7\u00e3o presencial e online, e contar\u00e1 com a presen\u00e7a de especialistas nacionais e internacionais que ir\u00e3o debater os resultados do novo relat\u00f3rio e os desafios futuros na constru\u00e7\u00e3o de uma sociedade mais inclusiva em Portugal.<\/p>\n\n\n\n<p>Consulte os relat\u00f3rios realizados at\u00e9 ao momento <a href=\"http:\/\/oddh.iscsp.utl.pt\/index.php\/en\/\">AQUI<\/a>: <a href=\"http:\/\/oddh.iscsp.utl.pt\/index.php\/en\/\">http:\/\/oddh.iscsp.utl.pt\/index.php\/en\/<\/a>\u00a0<\/p>\n\n\n\n<p><\/p>\n","protected":false},"excerpt":{"rendered":"<p>O Observat\u00f3rio da Defici\u00eancia e Direitos Humanos (ODDH) realiza no pr\u00f3ximo dia 11 de dezembro de 2025 o seu IX Encontro anual, em formato h\u00edbrido, no Instituto Superior de Ci\u00eancias Sociais e Pol\u00edticas (ISCSP) da Universidade de Lisboa, momento em que far\u00e1 a apresenta\u00e7\u00e3o p\u00fablica do relat\u00f3rio \u201cPessoas com Defici\u00eancia em Portugal \u2013 Indicadores de [&hellip;]<\/p>\n","protected":false},"author":2,"featured_media":3395,"comment_status":"open","ping_status":"open","sticky":false,"template":"","format":"standard","meta":{"_monsterinsights_skip_tracking":false,"_monsterinsights_sitenote_active":false,"_monsterinsights_sitenote_note":"","_monsterinsights_sitenote_category":0,"footnotes":""},"categories":[1],"tags":[],"class_list":["post-3394","post","type-post","status-publish","format-standard","has-post-thumbnail","hentry","category-uncategorized"],"_links":{"self":[{"href":"https:\/\/forumdeficiencia.guimaraes.pt\/index.php?rest_route=\/wp\/v2\/posts\/3394","targetHints":{"allow":["GET"]}}],"collection":[{"href":"https:\/\/forumdeficiencia.guimaraes.pt\/index.php?rest_route=\/wp\/v2\/posts"}],"about":[{"href":"https:\/\/forumdeficiencia.guimaraes.pt\/index.php?rest_route=\/wp\/v2\/types\/post"}],"author":[{"embeddable":true,"href":"https:\/\/forumdeficiencia.guimaraes.pt\/index.php?rest_route=\/wp\/v2\/users\/2"}],"replies":[{"embeddable":true,"href":"https:\/\/forumdeficiencia.guimaraes.pt\/index.php?rest_route=%2Fwp%2Fv2%2Fcomments&post=3394"}],"version-history":[{"count":1,"href":"https:\/\/forumdeficiencia.guimaraes.pt\/index.php?rest_route=\/wp\/v2\/posts\/3394\/revisions"}],"predecessor-version":[{"id":3396,"href":"https:\/\/forumdeficiencia.guimaraes.pt\/index.php?rest_route=\/wp\/v2\/posts\/3394\/revisions\/3396"}],"wp:featuredmedia":[{"embeddable":true,"href":"https:\/\/forumdeficiencia.guimaraes.pt\/index.php?rest_route=\/wp\/v2\/media\/3395"}],"wp:attachment":[{"href":"https:\/\/forumdeficiencia.guimaraes.pt\/index.php?rest_route=%2Fwp%2Fv2%2Fmedia&parent=3394"}],"wp:term":[{"taxonomy":"category","embeddable":true,"href":"https:\/\/forumdeficiencia.guimaraes.pt\/index.php?rest_route=%2Fwp%2Fv2%2Fcategories&post=3394"},{"taxonomy":"post_tag","embeddable":true,"href":"https:\/\/forumdeficiencia.guimaraes.pt\/index.php?rest_route=%2Fwp%2Fv2%2Ftags&post=3394"}],"curies":[{"name":"wp","href":"https:\/\/api.w.org\/{rel}","templated":true}]}}