{"id":3397,"date":"2025-10-27T06:54:32","date_gmt":"2025-10-27T06:54:32","guid":{"rendered":"https:\/\/forumdeficiencia.guimaraes.pt\/?p=3397"},"modified":"2025-11-13T06:55:38","modified_gmt":"2025-11-13T06:55:38","slug":"inr-prepara-acao-de-formacao-para-dirigentes-e-equipas-tecnicas-das-ong-de-pessoas-com-deficiencia","status":"publish","type":"post","link":"https:\/\/forumdeficiencia.guimaraes.pt\/?p=3397","title":{"rendered":"INR prepara a\u00e7\u00e3o de forma\u00e7\u00e3o para dirigentes e equipas t\u00e9cnicas das ONG de Pessoas com Defici\u00eancia"},"content":{"rendered":"\n<p>O Instituto Nacional para a Reabilita\u00e7\u00e3o, I.P. (INR, I.P.) est\u00e1 a preparar uma a\u00e7\u00e3o de forma\u00e7\u00e3o dirigida a dirigentes e equipas t\u00e9cnicas das Organiza\u00e7\u00f5es N\u00e3o Governamentais das Pessoas com Defici\u00eancia (ONGPD), com o objetivo de refor\u00e7ar as compet\u00eancias na \u00e1rea da gest\u00e3o organizacional.<\/p>\n\n\n\n<!--more-->\n\n\n\n<p>O processo de planeamento desta iniciativa, inclui a recolha de contributos junto das pr\u00f3prias organiza\u00e7\u00f5es, de forma a identificar as reais necessidades de forma\u00e7\u00e3o e assegurar que os conte\u00fados e metodologias respondem aos desafios concretos enfrentados pelas ONGPD no seu trabalho di\u00e1rio.<\/p>\n\n\n\n<p>Com esse intuito, foi disponibilizado um question\u00e1rio que deve ser preenchido at\u00e9 ao dia 21 de novembro. O tempo m\u00e9dio de resposta \u00e9 de apenas dois minutos, e todas as respostas ser\u00e3o tratadas de forma confidencial e an\u00f3nima.<\/p>\n\n\n\n<p>Esta ausculta\u00e7\u00e3o insere-se na estrat\u00e9gia do INR de promover a capacita\u00e7\u00e3o das organiza\u00e7\u00f5es da sociedade civil que atuam na defesa e promo\u00e7\u00e3o dos direitos das pessoas com defici\u00eancia, contribuindo para o refor\u00e7o da sua sustentabilidade, efic\u00e1cia e impacto social.<\/p>\n\n\n\n<p>A iniciativa \u00e9 dinamizada pela Equipa de Forma\u00e7\u00e3o Externa do INR, atrav\u00e9s da Unidade de Investiga\u00e7\u00e3o, Forma\u00e7\u00e3o e Desenvolvimento (UIFD), coordenada por Manuela Branco e Marisa Lopes.<\/p>\n","protected":false},"excerpt":{"rendered":"<p>O Instituto Nacional para a Reabilita\u00e7\u00e3o, I.P. (INR, I.P.) est\u00e1 a preparar uma a\u00e7\u00e3o de forma\u00e7\u00e3o dirigida a dirigentes e equipas t\u00e9cnicas das Organiza\u00e7\u00f5es N\u00e3o Governamentais das Pessoas com Defici\u00eancia (ONGPD), com o objetivo de refor\u00e7ar as compet\u00eancias na \u00e1rea da gest\u00e3o organizacional.<\/p>\n","protected":false},"author":2,"featured_media":3398,"comment_status":"open","ping_status":"open","sticky":false,"template":"","format":"standard","meta":{"_monsterinsights_skip_tracking":false,"_monsterinsights_sitenote_active":false,"_monsterinsights_sitenote_note":"","_monsterinsights_sitenote_category":0,"footnotes":""},"categories":[1],"tags":[],"class_list":["post-3397","post","type-post","status-publish","format-standard","has-post-thumbnail","hentry","category-uncategorized"],"_links":{"self":[{"href":"https:\/\/forumdeficiencia.guimaraes.pt\/index.php?rest_route=\/wp\/v2\/posts\/3397","targetHints":{"allow":["GET"]}}],"collection":[{"href":"https:\/\/forumdeficiencia.guimaraes.pt\/index.php?rest_route=\/wp\/v2\/posts"}],"about":[{"href":"https:\/\/forumdeficiencia.guimaraes.pt\/index.php?rest_route=\/wp\/v2\/types\/post"}],"author":[{"embeddable":true,"href":"https:\/\/forumdeficiencia.guimaraes.pt\/index.php?rest_route=\/wp\/v2\/users\/2"}],"replies":[{"embeddable":true,"href":"https:\/\/forumdeficiencia.guimaraes.pt\/index.php?rest_route=%2Fwp%2Fv2%2Fcomments&post=3397"}],"version-history":[{"count":1,"href":"https:\/\/forumdeficiencia.guimaraes.pt\/index.php?rest_route=\/wp\/v2\/posts\/3397\/revisions"}],"predecessor-version":[{"id":3399,"href":"https:\/\/forumdeficiencia.guimaraes.pt\/index.php?rest_route=\/wp\/v2\/posts\/3397\/revisions\/3399"}],"wp:featuredmedia":[{"embeddable":true,"href":"https:\/\/forumdeficiencia.guimaraes.pt\/index.php?rest_route=\/wp\/v2\/media\/3398"}],"wp:attachment":[{"href":"https:\/\/forumdeficiencia.guimaraes.pt\/index.php?rest_route=%2Fwp%2Fv2%2Fmedia&parent=3397"}],"wp:term":[{"taxonomy":"category","embeddable":true,"href":"https:\/\/forumdeficiencia.guimaraes.pt\/index.php?rest_route=%2Fwp%2Fv2%2Fcategories&post=3397"},{"taxonomy":"post_tag","embeddable":true,"href":"https:\/\/forumdeficiencia.guimaraes.pt\/index.php?rest_route=%2Fwp%2Fv2%2Ftags&post=3397"}],"curies":[{"name":"wp","href":"https:\/\/api.w.org\/{rel}","templated":true}]}}