{"id":3400,"date":"2025-10-27T07:02:01","date_gmt":"2025-10-27T07:02:01","guid":{"rendered":"https:\/\/forumdeficiencia.guimaraes.pt\/?p=3400"},"modified":"2025-11-13T07:03:10","modified_gmt":"2025-11-13T07:03:10","slug":"encontro-sobre-planeamento-centrado-na-pessoa","status":"publish","type":"post","link":"https:\/\/forumdeficiencia.guimaraes.pt\/?p=3400","title":{"rendered":"Encontro sobre Planeamento Centrado na Pessoa"},"content":{"rendered":"\n<p>O Instituto Nacional de Reabilita\u00e7\u00e3o, I.P. (INR) organiza, no dia 22 de novembro de 2025, s\u00e1bado, das 09h30 \u00e0s 13h00, um encontro destinado a fam\u00edlias e pessoas com defici\u00eancia, que ter\u00e1 lugar no audit\u00f3rio do pr\u00f3prio Instituto, em Lisboa.<\/p>\n\n\n\n<!--more-->\n\n\n\n<p>O evento ser\u00e1 dinamizado por Jack Pearpoint e Lynda Kahn, reconhecidos como precursores da metodologia do Planeamento Centrado na Pessoa, uma abordagem que visa promover a participa\u00e7\u00e3o ativa das pessoas com defici\u00eancia e das suas fam\u00edlias na defini\u00e7\u00e3o do seu pr\u00f3prio percurso de vida.<\/p>\n\n\n\n<p>O encontro foi concebido para aprender, partilhar experi\u00eancias e preparar, em conjunto, um futuro mais inclusivo, oferecendo ferramentas pr\u00e1ticas e inspira\u00e7\u00e3o para apoiar o desenvolvimento pessoal e a autonomia das pessoas com defici\u00eancia.<\/p>\n\n\n\n<p>A participa\u00e7\u00e3o \u00e9 gratuita, mas limitada a 35 participantes, e a pr\u00e9-inscri\u00e7\u00e3o obrigat\u00f3ria deve ser realizada at\u00e9 dia 18 de novembro (link dispon\u00edvel <a href=\"http:\/\/Sway\">AQUI<\/a>) O evento ser\u00e1 dinamizado em ingl\u00eas.<\/p>\n\n\n\n<p>O INR apela \u00e0s organiza\u00e7\u00f5es que divulguem este encontro junto das pessoas que apoiam e suas fam\u00edlias, garantindo que esta oportunidade chegue a quem mais poder\u00e1 beneficiar.<\/p>\n\n\n\n<p><\/p>\n","protected":false},"excerpt":{"rendered":"<p>O Instituto Nacional de Reabilita\u00e7\u00e3o, I.P. (INR) organiza, no dia 22 de novembro de 2025, s\u00e1bado, das 09h30 \u00e0s 13h00, um encontro destinado a fam\u00edlias e pessoas com defici\u00eancia, que ter\u00e1 lugar no audit\u00f3rio do pr\u00f3prio Instituto, em Lisboa.<\/p>\n","protected":false},"author":2,"featured_media":3401,"comment_status":"open","ping_status":"open","sticky":false,"template":"","format":"standard","meta":{"_monsterinsights_skip_tracking":false,"_monsterinsights_sitenote_active":false,"_monsterinsights_sitenote_note":"","_monsterinsights_sitenote_category":0,"footnotes":""},"categories":[1],"tags":[],"class_list":["post-3400","post","type-post","status-publish","format-standard","has-post-thumbnail","hentry","category-uncategorized"],"_links":{"self":[{"href":"https:\/\/forumdeficiencia.guimaraes.pt\/index.php?rest_route=\/wp\/v2\/posts\/3400","targetHints":{"allow":["GET"]}}],"collection":[{"href":"https:\/\/forumdeficiencia.guimaraes.pt\/index.php?rest_route=\/wp\/v2\/posts"}],"about":[{"href":"https:\/\/forumdeficiencia.guimaraes.pt\/index.php?rest_route=\/wp\/v2\/types\/post"}],"author":[{"embeddable":true,"href":"https:\/\/forumdeficiencia.guimaraes.pt\/index.php?rest_route=\/wp\/v2\/users\/2"}],"replies":[{"embeddable":true,"href":"https:\/\/forumdeficiencia.guimaraes.pt\/index.php?rest_route=%2Fwp%2Fv2%2Fcomments&post=3400"}],"version-history":[{"count":1,"href":"https:\/\/forumdeficiencia.guimaraes.pt\/index.php?rest_route=\/wp\/v2\/posts\/3400\/revisions"}],"predecessor-version":[{"id":3402,"href":"https:\/\/forumdeficiencia.guimaraes.pt\/index.php?rest_route=\/wp\/v2\/posts\/3400\/revisions\/3402"}],"wp:featuredmedia":[{"embeddable":true,"href":"https:\/\/forumdeficiencia.guimaraes.pt\/index.php?rest_route=\/wp\/v2\/media\/3401"}],"wp:attachment":[{"href":"https:\/\/forumdeficiencia.guimaraes.pt\/index.php?rest_route=%2Fwp%2Fv2%2Fmedia&parent=3400"}],"wp:term":[{"taxonomy":"category","embeddable":true,"href":"https:\/\/forumdeficiencia.guimaraes.pt\/index.php?rest_route=%2Fwp%2Fv2%2Fcategories&post=3400"},{"taxonomy":"post_tag","embeddable":true,"href":"https:\/\/forumdeficiencia.guimaraes.pt\/index.php?rest_route=%2Fwp%2Fv2%2Ftags&post=3400"}],"curies":[{"name":"wp","href":"https:\/\/api.w.org\/{rel}","templated":true}]}}