{"id":3405,"date":"2025-10-28T13:29:25","date_gmt":"2025-10-28T13:29:25","guid":{"rendered":"https:\/\/forumdeficiencia.guimaraes.pt\/?p=3405"},"modified":"2025-11-13T13:39:13","modified_gmt":"2025-11-13T13:39:13","slug":"leitura-publica-da-convencao-sobre-os-direitos-das-pessoas-com-deficiencia-junto-a-assembleia-da-republica","status":"publish","type":"post","link":"https:\/\/forumdeficiencia.guimaraes.pt\/?p=3405","title":{"rendered":"Leitura p\u00fablica da Conven\u00e7\u00e3o sobre os Direitos das Pessoas com Defici\u00eancia junto \u00e0 Assembleia da Rep\u00fablica"},"content":{"rendered":"\n<p>No pr\u00f3ximo dia 26 de novembro, quarta-feira, o Centro de Vida Independente (CVI) promove uma a\u00e7\u00e3o p\u00fablica e simb\u00f3lica de protesto em frente \u00e0 Assembleia da Rep\u00fablica: a leitura integral e coletiva da Conven\u00e7\u00e3o sobre os Direitos das Pessoas com Defici\u00eancia (CDPD).<\/p>\n\n\n\n<!--more-->\n\n\n\n<p>Durante a a\u00e7\u00e3o, ser\u00e1 exibido o v\u00eddeo da leitura da Conven\u00e7\u00e3o, produzido com a participa\u00e7\u00e3o de v\u00e1rias organiza\u00e7\u00f5es de Guimar\u00e3es, incluindo o Centro de Atividades e Capacita\u00e7\u00e3o para a Inclus\u00e3o e o Lar Residencial Alecrim da Santa Casa da Miseric\u00f3rdia de Guimar\u00e3es, o Centro e Lar Inclusivos do P\u00f3lo do Para\u00edso (CLIPP) do Centro Social de Brito, a Associa\u00e7\u00e3o de Paralisia Cerebral de Guimar\u00e3es e a CERCIGUI \u2013 Cooperativa de Educa\u00e7\u00e3o e Reabilita\u00e7\u00e3o de Cidad\u00e3os com Incapacidades de Guimar\u00e3es.<\/p>\n\n\n\n<figure class=\"wp-block-gallery has-nested-images columns-default is-cropped wp-block-gallery-1 is-layout-flex wp-block-gallery-is-layout-flex\">\n<figure class=\"wp-block-image size-large\"><img loading=\"lazy\" decoding=\"async\" width=\"766\" height=\"1024\" data-id=\"3417\" src=\"https:\/\/forumdeficiencia.guimaraes.pt\/wp-content\/uploads\/2025\/11\/1759981992101-2-766x1024.jpg\" alt=\"\" class=\"wp-image-3417\" srcset=\"https:\/\/forumdeficiencia.guimaraes.pt\/wp-content\/uploads\/2025\/11\/1759981992101-2-766x1024.jpg 766w, https:\/\/forumdeficiencia.guimaraes.pt\/wp-content\/uploads\/2025\/11\/1759981992101-2-224x300.jpg 224w, https:\/\/forumdeficiencia.guimaraes.pt\/wp-content\/uploads\/2025\/11\/1759981992101-2-768x1026.jpg 768w, https:\/\/forumdeficiencia.guimaraes.pt\/wp-content\/uploads\/2025\/11\/1759981992101-2-1149x1536.jpg 1149w, https:\/\/forumdeficiencia.guimaraes.pt\/wp-content\/uploads\/2025\/11\/1759981992101-2-1532x2048.jpg 1532w, https:\/\/forumdeficiencia.guimaraes.pt\/wp-content\/uploads\/2025\/11\/1759981992101-2-scaled.jpg 1916w\" sizes=\"auto, (max-width: 766px) 100vw, 766px\" \/><\/figure>\n\n\n\n<figure class=\"wp-block-image size-large\"><img loading=\"lazy\" decoding=\"async\" width=\"766\" height=\"1024\" data-id=\"3418\" src=\"https:\/\/forumdeficiencia.guimaraes.pt\/wp-content\/uploads\/2025\/11\/1759983105115-766x1024.jpg\" alt=\"\" class=\"wp-image-3418\" srcset=\"https:\/\/forumdeficiencia.guimaraes.pt\/wp-content\/uploads\/2025\/11\/1759983105115-766x1024.jpg 766w, https:\/\/forumdeficiencia.guimaraes.pt\/wp-content\/uploads\/2025\/11\/1759983105115-224x300.jpg 224w, https:\/\/forumdeficiencia.guimaraes.pt\/wp-content\/uploads\/2025\/11\/1759983105115-768x1026.jpg 768w, https:\/\/forumdeficiencia.guimaraes.pt\/wp-content\/uploads\/2025\/11\/1759983105115-1149x1536.jpg 1149w, https:\/\/forumdeficiencia.guimaraes.pt\/wp-content\/uploads\/2025\/11\/1759983105115-1532x2048.jpg 1532w, https:\/\/forumdeficiencia.guimaraes.pt\/wp-content\/uploads\/2025\/11\/1759983105115-scaled.jpg 1916w\" sizes=\"auto, (max-width: 766px) 100vw, 766px\" \/><\/figure>\n\n\n\n<figure class=\"wp-block-image size-large\"><img loading=\"lazy\" decoding=\"async\" width=\"766\" height=\"1024\" data-id=\"3416\" src=\"https:\/\/forumdeficiencia.guimaraes.pt\/wp-content\/uploads\/2025\/11\/1759983413290-1-766x1024.jpg\" alt=\"\" class=\"wp-image-3416\" srcset=\"https:\/\/forumdeficiencia.guimaraes.pt\/wp-content\/uploads\/2025\/11\/1759983413290-1-766x1024.jpg 766w, https:\/\/forumdeficiencia.guimaraes.pt\/wp-content\/uploads\/2025\/11\/1759983413290-1-224x300.jpg 224w, https:\/\/forumdeficiencia.guimaraes.pt\/wp-content\/uploads\/2025\/11\/1759983413290-1-768x1026.jpg 768w, https:\/\/forumdeficiencia.guimaraes.pt\/wp-content\/uploads\/2025\/11\/1759983413290-1-1149x1536.jpg 1149w, https:\/\/forumdeficiencia.guimaraes.pt\/wp-content\/uploads\/2025\/11\/1759983413290-1-1532x2048.jpg 1532w, https:\/\/forumdeficiencia.guimaraes.pt\/wp-content\/uploads\/2025\/11\/1759983413290-1-scaled.jpg 1916w\" sizes=\"auto, (max-width: 766px) 100vw, 766px\" \/><\/figure>\n\n\n\n<figure class=\"wp-block-image size-large\"><img loading=\"lazy\" decoding=\"async\" width=\"1024\" height=\"1024\" data-id=\"3414\" src=\"https:\/\/forumdeficiencia.guimaraes.pt\/wp-content\/uploads\/2025\/11\/outubro-3-1024x1024.png\" alt=\"\" class=\"wp-image-3414\" srcset=\"https:\/\/forumdeficiencia.guimaraes.pt\/wp-content\/uploads\/2025\/11\/outubro-3-1024x1024.png 1024w, https:\/\/forumdeficiencia.guimaraes.pt\/wp-content\/uploads\/2025\/11\/outubro-3-300x300.png 300w, https:\/\/forumdeficiencia.guimaraes.pt\/wp-content\/uploads\/2025\/11\/outubro-3-150x150.png 150w, https:\/\/forumdeficiencia.guimaraes.pt\/wp-content\/uploads\/2025\/11\/outubro-3-768x768.png 768w, https:\/\/forumdeficiencia.guimaraes.pt\/wp-content\/uploads\/2025\/11\/outubro-3.png 1080w\" sizes=\"auto, (max-width: 1024px) 100vw, 1024px\" \/><\/figure>\n<\/figure>\n\n\n\n<p><\/p>\n\n\n\n<p>A edi\u00e7\u00e3o e produ\u00e7\u00e3o do v\u00eddeo ficaram a cargo da equipa da Palavras Infinitas \u2013 N\u00facleo de Inclus\u00e3o, Comunica\u00e7\u00e3o e Media, composta por Jo\u00e3o Dur\u00e3es, Sofia Pires, Eduardo Valente, Rodrigo Santos e May\u00e3 Quintanilha.<\/p>\n\n\n\n<p>A iniciativa decorre no mesmo dia em que o Parlamento discute a aprova\u00e7\u00e3o do Or\u00e7amento do Estado para 2026. A leitura p\u00fablica pretende reafirmar a exig\u00eancia pela igualdade, dignidade e pelos direitos humanos das pessoas com defici\u00eancia, lembrando aos deputados e deputadas os compromissos assumidos por Portugal quando ratificou a CDPD, em 2009.<\/p>\n\n\n\n<p>Nesta a\u00e7\u00e3o, partidos com assento parlamentar s\u00e3o convidados a entregar pessoalmente a Declara\u00e7\u00e3o de Compromisso previamente enviada pelo CVI \u2013 um documento que reafirma as obriga\u00e7\u00f5es do Estado portugu\u00eas segundo a CDPD e o Coment\u00e1rio Geral n.\u00ba 5, sobre o direito \u00e0 vida independente e \u00e0 inclus\u00e3o na comunidade.<\/p>\n\n\n\n<p>Al\u00e9m da leitura, est\u00e3o abertas inscri\u00e7\u00f5es at\u00e9 20 de novembro para quem quiser ler a Conven\u00e7\u00e3o, voluntariar-se ou solicitar apoio log\u00edstico e transporte a partir do Porto e de Coimbra.<\/p>\n\n\n","protected":false},"excerpt":{"rendered":"<p>No pr\u00f3ximo dia 26 de novembro, quarta-feira, o Centro de Vida Independente (CVI) promove uma a\u00e7\u00e3o p\u00fablica e simb\u00f3lica de protesto em frente \u00e0 Assembleia da Rep\u00fablica: a leitura integral e coletiva da Conven\u00e7\u00e3o sobre os Direitos das Pessoas com Defici\u00eancia (CDPD).<\/p>\n","protected":false},"author":2,"featured_media":3406,"comment_status":"open","ping_status":"open","sticky":false,"template":"","format":"standard","meta":{"_monsterinsights_skip_tracking":false,"_monsterinsights_sitenote_active":false,"_monsterinsights_sitenote_note":"","_monsterinsights_sitenote_category":0,"footnotes":""},"categories":[1],"tags":[],"class_list":["post-3405","post","type-post","status-publish","format-standard","has-post-thumbnail","hentry","category-uncategorized"],"_links":{"self":[{"href":"https:\/\/forumdeficiencia.guimaraes.pt\/index.php?rest_route=\/wp\/v2\/posts\/3405","targetHints":{"allow":["GET"]}}],"collection":[{"href":"https:\/\/forumdeficiencia.guimaraes.pt\/index.php?rest_route=\/wp\/v2\/posts"}],"about":[{"href":"https:\/\/forumdeficiencia.guimaraes.pt\/index.php?rest_route=\/wp\/v2\/types\/post"}],"author":[{"embeddable":true,"href":"https:\/\/forumdeficiencia.guimaraes.pt\/index.php?rest_route=\/wp\/v2\/users\/2"}],"replies":[{"embeddable":true,"href":"https:\/\/forumdeficiencia.guimaraes.pt\/index.php?rest_route=%2Fwp%2Fv2%2Fcomments&post=3405"}],"version-history":[{"count":4,"href":"https:\/\/forumdeficiencia.guimaraes.pt\/index.php?rest_route=\/wp\/v2\/posts\/3405\/revisions"}],"predecessor-version":[{"id":3427,"href":"https:\/\/forumdeficiencia.guimaraes.pt\/index.php?rest_route=\/wp\/v2\/posts\/3405\/revisions\/3427"}],"wp:featuredmedia":[{"embeddable":true,"href":"https:\/\/forumdeficiencia.guimaraes.pt\/index.php?rest_route=\/wp\/v2\/media\/3406"}],"wp:attachment":[{"href":"https:\/\/forumdeficiencia.guimaraes.pt\/index.php?rest_route=%2Fwp%2Fv2%2Fmedia&parent=3405"}],"wp:term":[{"taxonomy":"category","embeddable":true,"href":"https:\/\/forumdeficiencia.guimaraes.pt\/index.php?rest_route=%2Fwp%2Fv2%2Fcategories&post=3405"},{"taxonomy":"post_tag","embeddable":true,"href":"https:\/\/forumdeficiencia.guimaraes.pt\/index.php?rest_route=%2Fwp%2Fv2%2Ftags&post=3405"}],"curies":[{"name":"wp","href":"https:\/\/api.w.org\/{rel}","templated":true}]}}