{"id":346,"date":"2019-01-15T12:40:14","date_gmt":"2019-01-15T12:40:14","guid":{"rendered":"http:\/\/forumdeficiencia.guimaraes.pt\/?p=346"},"modified":"2019-01-15T13:00:28","modified_gmt":"2019-01-15T13:00:28","slug":"santa-casa-da-misericordia-as-festividades-no-alecrim","status":"publish","type":"post","link":"https:\/\/forumdeficiencia.guimaraes.pt\/?p=346","title":{"rendered":"Santa Casa da Miseric\u00f3rdia: As festividades no Alecrim"},"content":{"rendered":"<p>Em dezembro realizou-se a Festa de Natal do Alecrim &#8211; Lar Residencial e Centro de Atividades Ocupacionais (CAO) da Santa Casa da Miseric\u00f3rdia de Guimar\u00e3es.<\/p>\n<p><!--more--><br \/>\n<img loading=\"lazy\" decoding=\"async\" class=\"alignleft wp-image-352 size-medium\" src=\"http:\/\/forumdeficiencia.guimaraes.pt\/wp-content\/uploads\/2019\/01\/natal_alecrim.fw_-300x183.png\" alt=\"\" width=\"300\" height=\"183\" srcset=\"https:\/\/forumdeficiencia.guimaraes.pt\/wp-content\/uploads\/2019\/01\/natal_alecrim.fw_-300x183.png 300w, https:\/\/forumdeficiencia.guimaraes.pt\/wp-content\/uploads\/2019\/01\/natal_alecrim.fw_-768x469.png 768w, https:\/\/forumdeficiencia.guimaraes.pt\/wp-content\/uploads\/2019\/01\/natal_alecrim.fw_.png 960w\" sizes=\"auto, (max-width: 300px) 100vw, 300px\" \/>A confraterniza\u00e7\u00e3o contou com atua\u00e7\u00f5es musicais e de teatro promovidas pelos clientes e a equipa de anima\u00e7\u00e3o sociocultural destas val\u00eancias, mas houve tamb\u00e9m espa\u00e7o para a Tuna da Universidade S\u00e9nior de Moreira de C\u00f3negos partilhar o palco e juntar-se \u00e0 fam\u00edlia Alecrim nesta \u201cinesquec\u00edvel festa de Natal\u201d.<\/p>\n<p>&nbsp;<\/p>\n<p>&nbsp;<\/p>\n<p><img loading=\"lazy\" decoding=\"async\" class=\"alignleft wp-image-347 size-medium\" src=\"http:\/\/forumdeficiencia.guimaraes.pt\/wp-content\/uploads\/2019\/01\/alecrim-natal_2018_1.fw_-1-300x167.png\" alt=\"\" width=\"300\" height=\"167\" srcset=\"https:\/\/forumdeficiencia.guimaraes.pt\/wp-content\/uploads\/2019\/01\/alecrim-natal_2018_1.fw_-1-300x167.png 300w, https:\/\/forumdeficiencia.guimaraes.pt\/wp-content\/uploads\/2019\/01\/alecrim-natal_2018_1.fw_-1-768x427.png 768w, https:\/\/forumdeficiencia.guimaraes.pt\/wp-content\/uploads\/2019\/01\/alecrim-natal_2018_1.fw_-1.png 992w\" sizes=\"auto, (max-width: 300px) 100vw, 300px\" \/>Em jeito de balan\u00e7o a organiza\u00e7\u00e3o agradece a todos os colaboradores, familiares, t\u00e9cnicos e dire\u00e7\u00e3o por contribu\u00edrem para que \u201ca magia, o amor, a partilha, e os sorrisos estivessem sempre presentes\u201d.<\/p>\n<p>&nbsp;<\/p>\n<p>&nbsp;<\/p>\n<p>Nota para o facto de a 04 de janeiro se ter realizado a tomada de posse dos \u00d3rg\u00e3os Sociais da Miseric\u00f3rdia de Guimar\u00e3es para o quadri\u00e9nio 2019-2022 na Igreja de Santo Ant\u00f3nio dos Capuchos. Lu\u00eds Teixeira e Melo \u00e9 o novo presidente da Assembleia Geral, Eduardo Leite assume as fun\u00e7\u00f5es de provedor da Mesa Administrativa e Florinda Carvalho assume a presid\u00eancia do Conselho Fiscal.<\/p>\n<p><img loading=\"lazy\" decoding=\"async\" class=\"alignleft wp-image-357 size-medium\" src=\"http:\/\/forumdeficiencia.guimaraes.pt\/wp-content\/uploads\/2019\/01\/alecrim_reis-2019.fw_-300x117.png\" alt=\"\" width=\"300\" height=\"117\" srcset=\"https:\/\/forumdeficiencia.guimaraes.pt\/wp-content\/uploads\/2019\/01\/alecrim_reis-2019.fw_-300x117.png 300w, https:\/\/forumdeficiencia.guimaraes.pt\/wp-content\/uploads\/2019\/01\/alecrim_reis-2019.fw_-768x299.png 768w, https:\/\/forumdeficiencia.guimaraes.pt\/wp-content\/uploads\/2019\/01\/alecrim_reis-2019.fw_.png 996w\" sizes=\"auto, (max-width: 300px) 100vw, 300px\" \/>E porque a 06 de janeiro se celebrou o Dia de Reis \u2013 que segundo a tradi\u00e7\u00e3o crist\u00e3, assinala o dia em que Jesus Cristo recebeu a visita dos tr\u00eas reis magos &#8211; o grupo coral da Santa Casa da Miseric\u00f3rdia de Guimar\u00e3es, que conta com a participa\u00e7\u00e3o de dois clientes do CAO Alecrim, foi cantar as reisadas no dia 11 de janeiro ao Alecrim proporcionando \u201cmomentos de muito amor e carinho\u201d.<\/p>\n<p>No dia 16 de janeiro o Lar\/CAO Alecrim recebe alguns alunos da Escola B\u00e1sica do 1.\u00ba Ciclo da Pegada, em Azur\u00e9m, que se prop\u00f5em a cantar os Reis e assim encerrar a \u201c\u00e9poca\u201d de festividades de Natal.<\/p>\n","protected":false},"excerpt":{"rendered":"<p>Em dezembro realizou-se a Festa de Natal do Alecrim &#8211; Lar Residencial e Centro de Atividades Ocupacionais (CAO) da Santa Casa da Miseric\u00f3rdia de Guimar\u00e3es.<\/p>\n","protected":false},"author":2,"featured_media":348,"comment_status":"open","ping_status":"open","sticky":false,"template":"","format":"standard","meta":{"_monsterinsights_skip_tracking":false,"_monsterinsights_sitenote_active":false,"_monsterinsights_sitenote_note":"","_monsterinsights_sitenote_category":0,"footnotes":""},"categories":[1],"tags":[],"class_list":["post-346","post","type-post","status-publish","format-standard","has-post-thumbnail","hentry","category-uncategorized"],"_links":{"self":[{"href":"https:\/\/forumdeficiencia.guimaraes.pt\/index.php?rest_route=\/wp\/v2\/posts\/346","targetHints":{"allow":["GET"]}}],"collection":[{"href":"https:\/\/forumdeficiencia.guimaraes.pt\/index.php?rest_route=\/wp\/v2\/posts"}],"about":[{"href":"https:\/\/forumdeficiencia.guimaraes.pt\/index.php?rest_route=\/wp\/v2\/types\/post"}],"author":[{"embeddable":true,"href":"https:\/\/forumdeficiencia.guimaraes.pt\/index.php?rest_route=\/wp\/v2\/users\/2"}],"replies":[{"embeddable":true,"href":"https:\/\/forumdeficiencia.guimaraes.pt\/index.php?rest_route=%2Fwp%2Fv2%2Fcomments&post=346"}],"version-history":[{"count":8,"href":"https:\/\/forumdeficiencia.guimaraes.pt\/index.php?rest_route=\/wp\/v2\/posts\/346\/revisions"}],"predecessor-version":[{"id":360,"href":"https:\/\/forumdeficiencia.guimaraes.pt\/index.php?rest_route=\/wp\/v2\/posts\/346\/revisions\/360"}],"wp:featuredmedia":[{"embeddable":true,"href":"https:\/\/forumdeficiencia.guimaraes.pt\/index.php?rest_route=\/wp\/v2\/media\/348"}],"wp:attachment":[{"href":"https:\/\/forumdeficiencia.guimaraes.pt\/index.php?rest_route=%2Fwp%2Fv2%2Fmedia&parent=346"}],"wp:term":[{"taxonomy":"category","embeddable":true,"href":"https:\/\/forumdeficiencia.guimaraes.pt\/index.php?rest_route=%2Fwp%2Fv2%2Fcategories&post=346"},{"taxonomy":"post_tag","embeddable":true,"href":"https:\/\/forumdeficiencia.guimaraes.pt\/index.php?rest_route=%2Fwp%2Fv2%2Ftags&post=346"}],"curies":[{"name":"wp","href":"https:\/\/api.w.org\/{rel}","templated":true}]}}