{"id":3476,"date":"2025-12-17T13:29:31","date_gmt":"2025-12-17T13:29:31","guid":{"rendered":"https:\/\/forumdeficiencia.guimaraes.pt\/?p=3476"},"modified":"2025-12-29T13:36:51","modified_gmt":"2025-12-29T13:36:51","slug":"estudo-nacional-revela-percecoes-persistentes-de-discriminacao-e-desconhecimento-dos-direitos-das-pessoas-com-deficiencia","status":"publish","type":"post","link":"https:\/\/forumdeficiencia.guimaraes.pt\/?p=3476","title":{"rendered":"Estudo nacional revela perce\u00e7\u00f5es persistentes de discrimina\u00e7\u00e3o e desconhecimento dos direitos das pessoas com defici\u00eancia"},"content":{"rendered":"\n<p>Foi apresentado no passado dia 2 de dezembro, no Audit\u00f3rio Ant\u00f3nio de Almeida Santos, na Assembleia da Rep\u00fablica, o Estudo Nacional \u201cAtitudes e Perce\u00e7\u00f5es da Popula\u00e7\u00e3o Adulta Portuguesa sobre Defici\u00eancia\u201d, uma iniciativa promovida pelo Mecanismo Nacional de Monitoriza\u00e7\u00e3o da Conven\u00e7\u00e3o sobre os Direitos das Pessoas com Defici\u00eancia (Me-CDPD).<\/p>\n\n\n\n<!--more-->\n\n\n\n<p>O estudo analisa de que forma a popula\u00e7\u00e3o adulta portuguesa compreende, reconhece e reage \u00e0s quest\u00f5es relacionadas com a defici\u00eancia e com os direitos humanos das pessoas com defici\u00eancia, tra\u00e7ando um retrato atual das perce\u00e7\u00f5es sociais existentes em Portugal.<\/p>\n\n\n\n<p>Entre os principais resultados, destaca-se a perce\u00e7\u00e3o generalizada de que as pessoas com defici\u00eancia continuam a ser alvo de discrimina\u00e7\u00e3o, bem como a associa\u00e7\u00e3o frequente da defici\u00eancia a ideias de vulnerabilidade ou depend\u00eancia, revelando a persist\u00eancia de estere\u00f3tipos sociais. O estudo evidencia ainda um desconhecimento significativo da Conven\u00e7\u00e3o sobre os Direitos das Pessoas com Defici\u00eancia, principal instrumento internacional de prote\u00e7\u00e3o destes direitos humanos, adotado pelas Na\u00e7\u00f5es Unidas e ratificado por Portugal em 2009.<\/p>\n\n\n\n<p>A sess\u00e3o de abertura contou com a presen\u00e7a do Vice-Presidente da Assembleia da Rep\u00fablica, Marcos Perestrello, e da Presidente do Me-CDPD, Vera Bonvalot, que sublinharam a import\u00e2ncia do estudo enquanto ferramenta para a promo\u00e7\u00e3o de uma sociedade mais inclusiva e informada.<\/p>\n\n\n\n<p>A apresenta\u00e7\u00e3o dos resultados esteve a cargo da Coordenadora do Observat\u00f3rio da Defici\u00eancia e Direitos Humanos, Paula Campos Pinto e da equipa de investiga\u00e7\u00e3o constitu\u00edda por Patr\u00edcia Neca, Teresa Janela Pinto e Ana Toscano, que destacaram a relev\u00e2ncia dos dados para a defini\u00e7\u00e3o de pol\u00edticas p\u00fablicas baseadas em evid\u00eancia.<\/p>\n\n\n\n<figure class=\"wp-block-image size-large\"><img loading=\"lazy\" decoding=\"async\" width=\"1024\" height=\"681\" src=\"http:\/\/forumdeficiencia.guimaraes.pt\/wp-content\/uploads\/2025\/12\/Me-CDPD-1024x681.jpg\" alt=\"\" class=\"wp-image-3477\" srcset=\"https:\/\/forumdeficiencia.guimaraes.pt\/wp-content\/uploads\/2025\/12\/Me-CDPD-1024x681.jpg 1024w, https:\/\/forumdeficiencia.guimaraes.pt\/wp-content\/uploads\/2025\/12\/Me-CDPD-300x200.jpg 300w, https:\/\/forumdeficiencia.guimaraes.pt\/wp-content\/uploads\/2025\/12\/Me-CDPD-768x511.jpg 768w, https:\/\/forumdeficiencia.guimaraes.pt\/wp-content\/uploads\/2025\/12\/Me-CDPD-1536x1022.jpg 1536w, https:\/\/forumdeficiencia.guimaraes.pt\/wp-content\/uploads\/2025\/12\/Me-CDPD.jpg 2048w\" sizes=\"auto, (max-width: 1024px) 100vw, 1024px\" \/><\/figure>\n\n\n\n<p>Seguiu-se um Painel de An\u00e1lise dos Resultados, moderado pelo jornalista do <em>Expresso<\/em> Tom\u00e1s Delfim, que contou com a participa\u00e7\u00e3o da Vice-Presidente da Plataforma de Direitos Humanos em Portugal, Alice Frade, da Secret\u00e1ria de Estado da A\u00e7\u00e3o Social e da Inclus\u00e3o, Clara Marques Mendes, de Adelaide Cruz da Associa\u00e7\u00e3o Lidera TU, e da presidente do Me-CDPD. O debate centrou-se nos desafios ainda existentes \u00e0 plena concretiza\u00e7\u00e3o dos direitos das pessoas com defici\u00eancia e na necessidade de transforma\u00e7\u00e3o das atitudes sociais.<\/p>\n\n\n\n<p>A sess\u00e3o de encerramento esteve a cargo da Secret\u00e1ria-Geral da Assembleia da Rep\u00fablica,&nbsp; Anabela Cabral Ferreira, que destacou a import\u00e2ncia do di\u00e1logo entre institui\u00e7\u00f5es, sociedade civil e decisores pol\u00edticos.<\/p>\n\n\n\n<p>O estudo assume-se como um contributo essencial para o debate p\u00fablico, apoiando a constru\u00e7\u00e3o de pol\u00edticas mais informadas e ajudando a identificar barreiras sociais e institucionais que ainda persistem na vida das pessoas com defici\u00eancia em Portugal.<\/p>\n\n\n\n<p>O sum\u00e1rio executivo do estudo pode ser consultado no website do Me-CDPD <a href=\"https:\/\/me-cdpd.pt\/evento-portugal-e-os-direitos-das-pessoas-com-deficiencia-percecoes-e-desafios\/\">AQUI<\/a>\u00a0<\/p>\n\n\n\n<p><\/p>\n\n\n\n<p>Cr\u00e9ditos da fotografia: Me-CDPD<\/p>\n","protected":false},"excerpt":{"rendered":"<p>Foi apresentado no passado dia 2 de dezembro, no Audit\u00f3rio Ant\u00f3nio de Almeida Santos, na Assembleia da Rep\u00fablica, o Estudo Nacional \u201cAtitudes e Perce\u00e7\u00f5es da Popula\u00e7\u00e3o Adulta Portuguesa sobre Defici\u00eancia\u201d, uma iniciativa promovida pelo Mecanismo Nacional de Monitoriza\u00e7\u00e3o da Conven\u00e7\u00e3o sobre os Direitos das Pessoas com Defici\u00eancia (Me-CDPD).<\/p>\n","protected":false},"author":2,"featured_media":3478,"comment_status":"open","ping_status":"open","sticky":false,"template":"","format":"standard","meta":{"_monsterinsights_skip_tracking":false,"_monsterinsights_sitenote_active":false,"_monsterinsights_sitenote_note":"","_monsterinsights_sitenote_category":0,"footnotes":""},"categories":[1],"tags":[],"class_list":["post-3476","post","type-post","status-publish","format-standard","has-post-thumbnail","hentry","category-uncategorized"],"_links":{"self":[{"href":"https:\/\/forumdeficiencia.guimaraes.pt\/index.php?rest_route=\/wp\/v2\/posts\/3476","targetHints":{"allow":["GET"]}}],"collection":[{"href":"https:\/\/forumdeficiencia.guimaraes.pt\/index.php?rest_route=\/wp\/v2\/posts"}],"about":[{"href":"https:\/\/forumdeficiencia.guimaraes.pt\/index.php?rest_route=\/wp\/v2\/types\/post"}],"author":[{"embeddable":true,"href":"https:\/\/forumdeficiencia.guimaraes.pt\/index.php?rest_route=\/wp\/v2\/users\/2"}],"replies":[{"embeddable":true,"href":"https:\/\/forumdeficiencia.guimaraes.pt\/index.php?rest_route=%2Fwp%2Fv2%2Fcomments&post=3476"}],"version-history":[{"count":3,"href":"https:\/\/forumdeficiencia.guimaraes.pt\/index.php?rest_route=\/wp\/v2\/posts\/3476\/revisions"}],"predecessor-version":[{"id":3481,"href":"https:\/\/forumdeficiencia.guimaraes.pt\/index.php?rest_route=\/wp\/v2\/posts\/3476\/revisions\/3481"}],"wp:featuredmedia":[{"embeddable":true,"href":"https:\/\/forumdeficiencia.guimaraes.pt\/index.php?rest_route=\/wp\/v2\/media\/3478"}],"wp:attachment":[{"href":"https:\/\/forumdeficiencia.guimaraes.pt\/index.php?rest_route=%2Fwp%2Fv2%2Fmedia&parent=3476"}],"wp:term":[{"taxonomy":"category","embeddable":true,"href":"https:\/\/forumdeficiencia.guimaraes.pt\/index.php?rest_route=%2Fwp%2Fv2%2Fcategories&post=3476"},{"taxonomy":"post_tag","embeddable":true,"href":"https:\/\/forumdeficiencia.guimaraes.pt\/index.php?rest_route=%2Fwp%2Fv2%2Ftags&post=3476"}],"curies":[{"name":"wp","href":"https:\/\/api.w.org\/{rel}","templated":true}]}}