{"id":401,"date":"2019-01-15T14:36:30","date_gmt":"2019-01-15T14:36:30","guid":{"rendered":"http:\/\/forumdeficiencia.guimaraes.pt\/?p=401"},"modified":"2019-01-15T14:43:27","modified_gmt":"2019-01-15T14:43:27","slug":"premios-iguais-entre-medalhados-paralimpicos-e-olimpicos","status":"publish","type":"post","link":"https:\/\/forumdeficiencia.guimaraes.pt\/?p=401","title":{"rendered":"Pr\u00e9mios iguais entre medalhados paral\u00edmpicos e ol\u00edmpicos"},"content":{"rendered":"<p>A portaria n.\u00ba 332-A\/2018 publicada a 27 de dezembro de 2018 em Di\u00e1rio da Rep\u00fablica veio definir que no que diz respeito aos medalhados nas grandes competi\u00e7\u00f5es internacionais os atletas paral\u00edmpicos v\u00e3o receber o mesmo valor do pr\u00e9mio que os atletas ol\u00edmpicos.<\/p>\n<p><!--more--><br \/>\nO presidente do Comit\u00e9 Paral\u00edmpico de Portugal, Jos\u00e9 Manuel Louren\u00e7o, sublinha &#8220;a concretiza\u00e7\u00e3o de uma reivindica\u00e7\u00e3o antiga por parte dos atletas da dimens\u00e3o paral\u00edmpica&#8221;.<\/p>\n<p>\u00c9 algo que nos deve orgulhar a todos e nos enche de satisfa\u00e7\u00e3o. Mas n\u00e3o podemos deixar de chamar \u00e0 aten\u00e7\u00e3o que o mais determinante para a obten\u00e7\u00e3o de resultados de excel\u00eancia s\u00e3o as condi\u00e7\u00f5es de prepara\u00e7\u00e3o que cada atleta pode ter \u00e0 sua disposi\u00e7\u00e3o. Importa agora garantir que, tal como para os pr\u00e9mios de m\u00e9rito desportivo, seja concretizada legisla\u00e7\u00e3o que garanta as mesmas condi\u00e7\u00f5es em ciclos paral\u00edmpicos seguintes\u201d, aponta Jos\u00e9 Manuel Louren\u00e7o.<\/p>\n<p>\u201cA equipara\u00e7\u00e3o dos pr\u00e9mios de m\u00e9rito \u00e9 sem d\u00favida uma vit\u00f3ria da Comiss\u00e3o de Atletas, fruto do nosso trabalho e perspic\u00e1cia no entendimento das normas que nos dizem respeito\u201d, refere, por sua vez, a presidente da Comiss\u00e3o de Atletas Paral\u00edmpicos, Carolina Duarte. Depois de muitas reuni\u00f5es finalmente o trabalho de todos os atletas \u00e9 valorizado dignamente\u201d, conclui a atleta.<\/p>\n<p>Segundo informa\u00e7\u00e3o do CPP, esta medida pretende melhorar globalmente os montantes dos pr\u00e9mios a atribuir por resultados obtidos em Jogos Ol\u00edmpicos, Jogos Paral\u00edmpicos e Campeonatos do Mundo e da Europa, estimulando ainda as representa\u00e7\u00f5es multidesportivas nacionais em eventos como as Univers\u00edadas, os Jogos Mundiais e os Jogos Surdol\u00edmpicos.<\/p>\n<p>A portaria n.\u00ba 332-A\/2018 pode ser consultada <a href=\"https:\/\/dre.pt\/web\/guest\/pesquisa\/-\/search\/117506378\/details\/maximized?sort=whenSearchable&amp;sortOrder=DESC&amp;q=paral%C3%ADmpicos&amp;docType_facet=LEGISLACAO&amp;fqs=paral%C3%ADmpicos&amp;perPage=25\">AQUI<\/a><\/p>\n","protected":false},"excerpt":{"rendered":"<p>A portaria n.\u00ba 332-A\/2018 publicada a 27 de dezembro de 2018 em Di\u00e1rio da Rep\u00fablica veio definir que no que diz respeito aos medalhados nas grandes competi\u00e7\u00f5es internacionais os atletas paral\u00edmpicos v\u00e3o receber o mesmo valor do pr\u00e9mio que os atletas ol\u00edmpicos.<\/p>\n","protected":false},"author":2,"featured_media":404,"comment_status":"open","ping_status":"open","sticky":false,"template":"","format":"standard","meta":{"_monsterinsights_skip_tracking":false,"_monsterinsights_sitenote_active":false,"_monsterinsights_sitenote_note":"","_monsterinsights_sitenote_category":0,"footnotes":""},"categories":[1],"tags":[],"class_list":["post-401","post","type-post","status-publish","format-standard","has-post-thumbnail","hentry","category-uncategorized"],"_links":{"self":[{"href":"https:\/\/forumdeficiencia.guimaraes.pt\/index.php?rest_route=\/wp\/v2\/posts\/401","targetHints":{"allow":["GET"]}}],"collection":[{"href":"https:\/\/forumdeficiencia.guimaraes.pt\/index.php?rest_route=\/wp\/v2\/posts"}],"about":[{"href":"https:\/\/forumdeficiencia.guimaraes.pt\/index.php?rest_route=\/wp\/v2\/types\/post"}],"author":[{"embeddable":true,"href":"https:\/\/forumdeficiencia.guimaraes.pt\/index.php?rest_route=\/wp\/v2\/users\/2"}],"replies":[{"embeddable":true,"href":"https:\/\/forumdeficiencia.guimaraes.pt\/index.php?rest_route=%2Fwp%2Fv2%2Fcomments&post=401"}],"version-history":[{"count":1,"href":"https:\/\/forumdeficiencia.guimaraes.pt\/index.php?rest_route=\/wp\/v2\/posts\/401\/revisions"}],"predecessor-version":[{"id":402,"href":"https:\/\/forumdeficiencia.guimaraes.pt\/index.php?rest_route=\/wp\/v2\/posts\/401\/revisions\/402"}],"wp:featuredmedia":[{"embeddable":true,"href":"https:\/\/forumdeficiencia.guimaraes.pt\/index.php?rest_route=\/wp\/v2\/media\/404"}],"wp:attachment":[{"href":"https:\/\/forumdeficiencia.guimaraes.pt\/index.php?rest_route=%2Fwp%2Fv2%2Fmedia&parent=401"}],"wp:term":[{"taxonomy":"category","embeddable":true,"href":"https:\/\/forumdeficiencia.guimaraes.pt\/index.php?rest_route=%2Fwp%2Fv2%2Fcategories&post=401"},{"taxonomy":"post_tag","embeddable":true,"href":"https:\/\/forumdeficiencia.guimaraes.pt\/index.php?rest_route=%2Fwp%2Fv2%2Ftags&post=401"}],"curies":[{"name":"wp","href":"https:\/\/api.w.org\/{rel}","templated":true}]}}