{"id":47,"date":"2018-11-28T10:09:56","date_gmt":"2018-11-28T10:09:56","guid":{"rendered":"http:\/\/forumdeficiencia.guimaraes.pt\/?p=47"},"modified":"2018-11-30T09:30:03","modified_gmt":"2018-11-30T09:30:03","slug":"passado-presente-e-futuro-parabens-ao-forum-municipal-das-pessoas-com-deficiencia","status":"publish","type":"post","link":"https:\/\/forumdeficiencia.guimaraes.pt\/?p=47","title":{"rendered":"Passado, presente e futuro: Parab\u00e9ns ao F\u00f3rum Municipal das Pessoas Com Defici\u00eancia"},"content":{"rendered":"<p>O F\u00f3rum Municipal das Pessoas com Defici\u00eancia tem vindo a consolidar-se ao longo do tempo gra\u00e7as ao esfor\u00e7o de todos os que integram este grupo informal de debate, de consulta e de informa\u00e7\u00e3o, criado em 2003, no \u00e2mbito do Ano Internacional das Pessoas com Defici\u00eancia.<\/p>\n<p><!--more--><\/p>\n<p>O F\u00f3rum Municipal das Pessoas com Defici\u00eancia tem vindo a consolidar-se ao longo do tempo gra\u00e7as ao esfor\u00e7o de todos os que integram este grupo informal de debate, de consulta e de informa\u00e7\u00e3o, criado em 2003, no \u00e2mbito do Ano Internacional das Pessoas com Defici\u00eancia.<\/p>\n<div id=\"attachment_7\" style=\"width: 750px\" class=\"wp-caption aligncenter\"><img loading=\"lazy\" decoding=\"async\" aria-describedby=\"caption-attachment-7\" class=\"wp-image-7\" src=\"http:\/\/forumdeficiencia.guimaraes.pt\/wp-content\/uploads\/2018\/11\/FMPD-300x62.png\" alt=\"Log\u00f3tipo do F\u00f3rum Municipal das Pessoas com Defici\u00eancia\" width=\"740\" height=\"153\" srcset=\"https:\/\/forumdeficiencia.guimaraes.pt\/wp-content\/uploads\/2018\/11\/FMPD-300x62.png 300w, https:\/\/forumdeficiencia.guimaraes.pt\/wp-content\/uploads\/2018\/11\/FMPD-768x159.png 768w, https:\/\/forumdeficiencia.guimaraes.pt\/wp-content\/uploads\/2018\/11\/FMPD-1024x212.png 1024w\" sizes=\"auto, (max-width: 740px) 100vw, 740px\" \/><p id=\"caption-attachment-7\" class=\"wp-caption-text\">Log\u00f3tipo do F\u00f3rum Municipal das Pessoas com Defici\u00eancia<\/p><\/div>\n<p>As cadeiras est\u00e3o dispostas em c\u00edrculo. E a reuni\u00e3o come\u00e7a quando, ao audit\u00f3rio da Biblioteca Municipal Raul Brand\u00e3o, chegam os participantes que, habitualmente, re\u00fanem, pelo menos, duas vezes por ano. Nestes encontros discute-se os assuntos da defici\u00eancia e para o fazer juntam-se representantes de associa\u00e7\u00f5es e institui\u00e7\u00f5es p\u00fablicas e privadas, pessoas com defici\u00eancia e familiares.<br \/>\nO representante da \u00e1rea social da Tempo Livre,<\/p>\n<p>Ant\u00f3nio Cardoso, lembra que as primeiras reuni\u00f5es do F\u00f3rum Municipal das Pessoas com Defici\u00eancia realizaram-se no Multiusos de Guimar\u00e3es. Numa viagem ao passado em jeito de balan\u00e7o dos 15 anos de exist\u00eancia deste organismo, Ant\u00f3nio Cardoso, convoca tamb\u00e9m a professora Rosa Mota da Associa\u00e7\u00e3o Portuguesa de Deficientes (APD) para recordar os primeiros passos dados por este grupo informal.<\/p>\n<p>\u201cFaz\u00edamos sempre uma prova desportiva de atletismo aqui em Guimar\u00e3es no centro da cidade, uma corrida em cadeira de rodas\u201d, lembra Rosa Mota. \u201cA C\u00e2mara associava-se e, por iner\u00eancia, a Tempo Livre. Essa prova chegou a realizar-se tamb\u00e9m na pista de atletismo\u201d, acrescenta Ant\u00f3nio Cardoso.<\/p>\n<p>O F\u00f3rum surgiu para agregar as pessoas e entidades \u201cque tinham preocupa\u00e7\u00e3o e interven\u00e7\u00e3o na \u00e1rea da defici\u00eancia\u201d. \u201cN\u00e3o quer\u00edamos institucionalizar muito, mas quer\u00edamos uma rela\u00e7\u00e3o mais estreita com a autarquia para responsabiliz\u00e1-la mais\u201d, diz a representante da APD.<\/p>\n<p>A funcionar com o apoio da Divis\u00e3o da A\u00e7\u00e3o Social da C\u00e2mara Municipal de Guimar\u00e3es (CMG), o F\u00f3rum Municipal das Pessoas com Defici\u00eancia resistiu \u00e0 passagem do tempo e, por isso mesmo, este ano, resolveu apostar na comunica\u00e7\u00e3o de tudo o que se faz em prol da inclus\u00e3o das pessoas com defici\u00eancia.<\/p>\n<p>A autarquia decidiu investir na divulga\u00e7\u00e3o da atividade deste \u00f3rg\u00e3o informal e das institui\u00e7\u00f5es que, no concelho de Guimar\u00e3es, desenvolvam atividades ligadas \u00e0 tem\u00e1tica da defici\u00eancia. Em entrevista (ler integralmente aqui), a vereadora da A\u00e7\u00e3o Social, Paula Oliveira, revelou as motiva\u00e7\u00f5es da CMG para criar uma newsletter mensal. Trata-se de um instrumento criado para dar visibilidade \u00e0 din\u00e2mica associativa vimaranense na \u00e1rea da defici\u00eancia. \u201cAquilo que pretendemos fazer, primeiro, \u00e9 chamar mais gente para o F\u00f3rum, termos mais for\u00e7a, mas depois, queremos que a voz do F\u00f3rum e tudo aquilo que seja necess\u00e1rio para formar e informar que chegue ao cidad\u00e3o comum, que chegue a toda a gente e da\u00ed o objetivo desta newsletter seja comunicarmos melhor. Eu costumo dizer que aquilo que n\u00e3o se comunica n\u00e3o existe\u201d, defende.<\/p>\n<div id=\"attachment_54\" style=\"width: 708px\" class=\"wp-caption aligncenter\"><img loading=\"lazy\" decoding=\"async\" aria-describedby=\"caption-attachment-54\" class=\" wp-image-54\" src=\"http:\/\/forumdeficiencia.guimaraes.pt\/wp-content\/uploads\/2018\/11\/preg\u00e3o1.fw_-300x142.png\" alt=\"Dia Internacional das Pessoas com Defici\u00eancia\" width=\"698\" height=\"330\" srcset=\"https:\/\/forumdeficiencia.guimaraes.pt\/wp-content\/uploads\/2018\/11\/preg\u00e3o1.fw_-300x142.png 300w, https:\/\/forumdeficiencia.guimaraes.pt\/wp-content\/uploads\/2018\/11\/preg\u00e3o1.fw_-1024x486.png 1024w, https:\/\/forumdeficiencia.guimaraes.pt\/wp-content\/uploads\/2018\/11\/preg\u00e3o1.fw_.png 1698w\" sizes=\"auto, (max-width: 698px) 100vw, 698px\" \/><p id=\"caption-attachment-54\" class=\"wp-caption-text\">Elementos do F\u00f3rum Municipal das Pessoas com Defici\u00eancia no dia da realiza\u00e7\u00e3o da caminha inclusiva e da leitura do preg\u00e3o, assistem ao discurso do presidente da c\u00e2mara municipal de Guimar\u00e3es, Domingos Bragan\u00e7a, por ocasi\u00e3o das comemora\u00e7\u00f5es do Dia Internacional das Pessoas com Defici\u00eancia.<\/p><\/div>\n<p>Esta \u201cmiss\u00e3o\u201d de informar assumida pelo F\u00f3rum Municipal das Pessoas com Defici\u00eancia vai proporcionar uma aten\u00e7\u00e3o medi\u00e1tica \u00e0s organiza\u00e7\u00f5es que congrega, a maioria que no concelho interv\u00eam na \u00e1rea da defici\u00eancia, designadamente, a C\u00e2mara Municipal de Guimar\u00e3es, a Associa\u00e7\u00e3o dos Cegos e Ambl\u00edopes de Portugal (ACAPO), a Associa\u00e7\u00e3o Portuguesa de Deficientes (APD), a Associa\u00e7\u00e3o de Paralisia Cerebral de Guimar\u00e3es (APCG), a CERCIGUI &#8211; Cooperativa de Educa\u00e7\u00e3o e Reabilita\u00e7\u00e3o de Cidad\u00e3os com Incapacidades de Guimar\u00e3es, CRL., a Santa Casa da Miseric\u00f3rdia de Guimar\u00e3es, a Tempo Livre, a Plural&amp;Singular, os agrupamentos de escolas de Aba\u00e7\u00e3o, Fernando T\u00e1vora e Jo\u00e3o de Meira e pessoas com defici\u00eancia a titulo individual.<\/p>\n<p>Ant\u00f3nio Cardoso considera a cria\u00e7\u00e3o desta newsletter informativa uma conquista importante. \u201cEsperamos que n\u00f3s, as organiza\u00e7\u00f5es, lhe saibamos dar a devida import\u00e2ncia e que ela possa de facto ser lida\u201d, diz.<\/p>\n<h3><\/h3>\n<h3>Principais atividades desenvolvidas pelo F\u00f3rum Municipal das Pessoas com Defici\u00eancia<\/h3>\n<p>Este \u00f3rg\u00e3o informal assume como principais fun\u00e7\u00f5es a promo\u00e7\u00e3o e organiza\u00e7\u00e3o de debates tem\u00e1ticos e de a\u00e7\u00f5es e projetos de interesse para as pessoas com defici\u00eancia, assim como a apresenta\u00e7\u00e3o de propostas e sugest\u00f5es dirigidas a este p\u00fablico.<\/p>\n<p>Ao longo destes 15 anos foram v\u00e1rias as atividades realizadas pelo F\u00f3rum Municipal das Pessoas com Defici\u00eancia tanto para melhorar as condi\u00e7\u00f5es de vida destas pessoas, como para desmistificar esta realidade junto das pessoas sem defici\u00eancia.<\/p>\n<p>De destacar, a produ\u00e7\u00e3o de documentos, como \u00e9 o caso do Guia de Recursos para as Pessoas com Defici\u00eancia do Concelho (2004) e a respetiva vers\u00e3o em Braille (2006). Uns anos mais tarde, em 2013, elaborou-se as ementas em Braille dos Restaurantes Condado e Cor de Tangerina, os guias de Recursos para um Computador Inclusivo e o de Produtos de Apoio Low-Cost.<\/p>\n<p>Foram tamb\u00e9m desenvolvidas diversas a\u00e7\u00f5es de sensibiliza\u00e7\u00e3o e informa\u00e7\u00e3o dirigidas \u00e0s empresas e servi\u00e7os que interv\u00eam no concelho no dom\u00ednio dos transportes, aos partidos pol\u00edticos, aos servi\u00e7os do munic\u00edpio, \u00e0s entidades formadoras, \u00e0s institui\u00e7\u00f5es banc\u00e1rias e \u00e0s escolas de Arquitetura e de Engenharia da Universidade do Minho.<br \/>\nRosa Mota \u00e9 natural de Fafe, estudou em Guimar\u00e3es e fez o Magist\u00e9rio em Braga. A professora est\u00e1 reformada e vive em Guimar\u00e3es h\u00e1 muitos anos. A Cidade Ber\u00e7o \u00e9 no fundo a localidade que melhor conhece e serve de refer\u00eancia na evolu\u00e7\u00e3o que tem vindo a acompanhar na \u00e1rea da defici\u00eancia: \u201cPressionar em rela\u00e7\u00e3o \u00e0s barreiras arquitet\u00f3nicas e aos transportes \u00e9 uma luta antiga, sobretudo em Guimar\u00e3es que \u00e9 uma cidade muito dif\u00edcil para as pessoas com defici\u00eancia. \u00c9 uma cidade muito irregular, antiga, com pisos muito bonitos mas muito dif\u00edceis\u201d, descreve.<\/p>\n<p>As sequelas de Poliomielite \u2013 uma doen\u00e7a infeciosa viral que contraiu aos cinco anos \u2013 O comprometeu-lhe a mobilidade mas demorou a incitar Rosa Mota ao ativismo associativo. Mas \u00e0 medida que o tempo foi passando, foi percebendo \u201cque havia muita coisa para fazer\u201d e decidiu integrar a delega\u00e7\u00e3o de Braga da Associa\u00e7\u00e3o Portuguesa de Deficientes. A partir da\u00ed lidou com muita gente com v\u00e1rios tipos de defici\u00eancia, com diferentes necessidades e preocupa\u00e7\u00f5es, mas o mesmo problema: a falta de cumprimento dos respetivos direitos.<\/p>\n<p>Esta \u00e9 a \u201cguerra\u201d que a s\u00f3cia da APD assumiu como sua e, neste \u00e2mbito, tem vindo a travar v\u00e1rias batalhas. \u00c0s reuni\u00f5es do F\u00f3rum chega, com frequ\u00eancia, com v\u00e1rias sinaliza\u00e7\u00f5es de barreiras arquitet\u00f3nicas a corrigir. \u00c9 importante real\u00e7ar que no acompanhamento desta problem\u00e1tica o F\u00f3rum Municipal das Pessoas com Defici\u00eancia \u00e9, por diversas vezes, consultado para a emiss\u00e3o de v\u00e1rios pareceres. Al\u00e9m disso, integra a Comiss\u00e3o Consultiva do Plano Municipal de Promo\u00e7\u00e3o da Acessibilidade de Guimar\u00e3es desde 2010 e, mais recentemente, realizou uma Campanha para a Elimina\u00e7\u00e3o das Barreiras Arquitet\u00f3nicas (2015).<\/p>\n<p>O F\u00f3rum Municipal promoveu v\u00e1rios encontros e semin\u00e1rios, destacando-se o mais recente, o I Encontro de Educa\u00e7\u00e3o Especial e Empregabilidade do Ave\u201d, realizado em 2016 no grande audit\u00f3rio do Centro Cultural de Vila Flor em pareceria com a Comunidade Intermunicipal do Ave. Uma iniciativa que Ant\u00f3nio Cardoso real\u00e7a em balan\u00e7o aos 15 anos de atividade do F\u00f3rum. \u201cParece-me que foi uma iniciativa importante. Uma das grandes barreiras que ainda existem \u00e9 o acesso ao emprego\u201d, sublinha. \u201cFizemos uma apresenta\u00e7\u00e3o no audit\u00f3rio da universidade do Minho, uma passagem de modelos de vestu\u00e1rio para pessoas com defici\u00eancia e isso vem na sequ\u00eancia da valoriza\u00e7\u00e3o do cidad\u00e3o com defici\u00eancia. Achei algo importante\u201d, acrescenta.<\/p>\n<h3><\/h3>\n<h3>15 anos: passado, presente e futuro<\/h3>\n<p>\u00c0 inevit\u00e1vel compara\u00e7\u00e3o entre passado e presente Ant\u00f3nio Cardoso responde: \u201cA realidade n\u00e3o \u00e9 a mesma. H\u00e1 15 anos era uma coisa muito escondida. De facto a forma como se v\u00ea a pessoa com defici\u00eancia hoje j\u00e1 n\u00e3o \u00e9 a mesma. Existe um respeito pela pessoa, pelo direito que ela tem e pela sua integra\u00e7\u00e3o plena na sociedade\u201d.<\/p>\n<p>Rosa Mota n\u00e3o se mostra t\u00e3o otimista ao considerar que \u201cas coisas v\u00e3o andando mas muito devagar\u201d. Ant\u00f3nio Cardoso assume que \u201ch\u00e1 muito para fazer ainda na mudan\u00e7a de mentalidades no seio da fam\u00edlia e na sociedade\u201d, mas considera que \u201cse passou a compreender e a respeitar mais o cidad\u00e3o com defici\u00eancia\u201d.<\/p>\n<p>E a atividade do F\u00f3rum \u00e9 reflexo de toda essa evolu\u00e7\u00e3o. Ant\u00f3nio Cardoso diz que \u201csubsistem ainda constrangimentos\u201d mas sublinha que o F\u00f3rum \u201ctem vindo a afirmar-se\u201d e que se registam \u201cavan\u00e7os muito significativos\u201d. \u201cN\u00f3s gostar\u00edamos que fosse mais ativo, mas tamb\u00e9m \u00e9 verdade que se o F\u00f3rum n\u00e3o tivesse feito nada tamb\u00e9m n\u00e3o faria sentido a sua exist\u00eancia\u201d, refere o representante da \u00e1rea social da Tempo Livre.<\/p>\n<p>A professora Rosa Mota defende a participa\u00e7\u00e3o de \u201cmais pessoas com defici\u00eancia no F\u00f3rum\u201d, para que tenham \u201cvoz pr\u00f3pria\u201d. \u201cAs pessoas com defici\u00eancia t\u00eam outra maneira de encarar as coisas, porque n\u00f3s sabemos quais s\u00e3o os problemas a s\u00e9rio, as dificuldades que encontramos\u201d, explica. \u201cFaltam pessoas com mais for\u00e7a e mais novas porque era preciso dar um empurr\u00e3o a isto e n\u00e3o estar t\u00e3o dependente da agenda que a C\u00e2mara prop\u00f5e\u201d, conclui.<\/p>\n<p>Os potenciais membros devem manifestar o respetivo interesse em integrar este grupo informal atrav\u00e9s do email <a href=\"forum.municipal.deficiencia@cm-guimaraes.pt\">forum.municipal.deficiencia@cm-guimaraes.pt<\/a> . Nota para o facto de poderem fazer parte deste organismo associa\u00e7\u00f5es e institui\u00e7\u00f5es p\u00fablicas e privadas, com personalidade jur\u00eddica, pessoas com defici\u00eancia, seus representantes e todos os que quiserem defender esta causa.<\/p>\n<p>\u201cEspero que tudo o que se fez at\u00e9 hoje, que este trabalho n\u00e3o se perca nos atalhos e n\u00e3o se fique apenas pelos sinais. Que saibamos todos trabalhar e construir uma sociedade onde todos caibam\u201d, atira Ant\u00f3nio Cardoso em jeito de convite a quem se quiser juntar nu cumprimento desta miss\u00e3o.<\/p>\n","protected":false},"excerpt":{"rendered":"<p>O F\u00f3rum Municipal das Pessoas com Defici\u00eancia tem vindo a consolidar-se ao longo do tempo gra\u00e7as ao esfor\u00e7o de todos os que integram este grupo informal de debate, de consulta e de informa\u00e7\u00e3o, criado em 2003, no \u00e2mbito do Ano Internacional das Pessoas com Defici\u00eancia.<\/p>\n","protected":false},"author":2,"featured_media":7,"comment_status":"open","ping_status":"open","sticky":false,"template":"","format":"standard","meta":{"_monsterinsights_skip_tracking":false,"_monsterinsights_sitenote_active":false,"_monsterinsights_sitenote_note":"","_monsterinsights_sitenote_category":0,"footnotes":""},"categories":[3],"tags":[],"class_list":["post-47","post","type-post","status-publish","format-standard","has-post-thumbnail","hentry","category-noticias"],"_links":{"self":[{"href":"https:\/\/forumdeficiencia.guimaraes.pt\/index.php?rest_route=\/wp\/v2\/posts\/47","targetHints":{"allow":["GET"]}}],"collection":[{"href":"https:\/\/forumdeficiencia.guimaraes.pt\/index.php?rest_route=\/wp\/v2\/posts"}],"about":[{"href":"https:\/\/forumdeficiencia.guimaraes.pt\/index.php?rest_route=\/wp\/v2\/types\/post"}],"author":[{"embeddable":true,"href":"https:\/\/forumdeficiencia.guimaraes.pt\/index.php?rest_route=\/wp\/v2\/users\/2"}],"replies":[{"embeddable":true,"href":"https:\/\/forumdeficiencia.guimaraes.pt\/index.php?rest_route=%2Fwp%2Fv2%2Fcomments&post=47"}],"version-history":[{"count":8,"href":"https:\/\/forumdeficiencia.guimaraes.pt\/index.php?rest_route=\/wp\/v2\/posts\/47\/revisions"}],"predecessor-version":[{"id":126,"href":"https:\/\/forumdeficiencia.guimaraes.pt\/index.php?rest_route=\/wp\/v2\/posts\/47\/revisions\/126"}],"wp:featuredmedia":[{"embeddable":true,"href":"https:\/\/forumdeficiencia.guimaraes.pt\/index.php?rest_route=\/wp\/v2\/media\/7"}],"wp:attachment":[{"href":"https:\/\/forumdeficiencia.guimaraes.pt\/index.php?rest_route=%2Fwp%2Fv2%2Fmedia&parent=47"}],"wp:term":[{"taxonomy":"category","embeddable":true,"href":"https:\/\/forumdeficiencia.guimaraes.pt\/index.php?rest_route=%2Fwp%2Fv2%2Fcategories&post=47"},{"taxonomy":"post_tag","embeddable":true,"href":"https:\/\/forumdeficiencia.guimaraes.pt\/index.php?rest_route=%2Fwp%2Fv2%2Ftags&post=47"}],"curies":[{"name":"wp","href":"https:\/\/api.w.org\/{rel}","templated":true}]}}