{"id":535,"date":"2019-07-15T11:09:19","date_gmt":"2019-07-15T11:09:19","guid":{"rendered":"http:\/\/forumdeficiencia.guimaraes.pt\/?p=535"},"modified":"2019-07-15T11:14:49","modified_gmt":"2019-07-15T11:14:49","slug":"guimaraes-tem-ao-servico-dois-centros-de-apoio-familiar-e-aconselhamento-parental","status":"publish","type":"post","link":"https:\/\/forumdeficiencia.guimaraes.pt\/?p=535","title":{"rendered":"Guimar\u00e3es tem ao servi\u00e7o dois Centros de Apoio Familiar e Aconselhamento Parental"},"content":{"rendered":"<p>O <a href=\"http:\/\/www.cjsj.pt\/CAFAP\/\">Centro Juvenil S. Jos\u00e9 (CJSJ)<\/a> e a <a href=\"http:\/\/www.adcl.org.pt\/adcl2\/content.php?idConteudo=609\">Associa\u00e7\u00e3o para o Desenvolvimento das Comunidades Locais (ADCL)<\/a> t\u00eam, desde o \u00faltimo trimestre do ano passado, um servi\u00e7o de apoio especializado \u00e0s fam\u00edlias com crian\u00e7as e jovens, vocacionado para a preven\u00e7\u00e3o e repara\u00e7\u00e3o de situa\u00e7\u00f5es de risco psicossocial mediante o desenvolvimento de compet\u00eancias parentais, pessoais e sociais das fam\u00edlias.<\/p>\n<p><!--more--><br \/>\nFoi em outubro de 2018, que tanto o CJSJ como a ADCL assinaram os protocolos de coopera\u00e7\u00e3o com a Seguran\u00e7a Social, I.P. para darem in\u00edcio \u00e0 atividade dos centros ainda em dezembro do ano passado.<\/p>\n<p>Estes acordos preveem o acompanhamento de 160 fam\u00edlias do concelho de Guimar\u00e3es em tr\u00eas modalidades de funcionamento \u2013 a preserva\u00e7\u00e3o familiar, a reunifica\u00e7\u00e3o familiar e o ponto de encontro familiar.<\/p>\n<p>Por problemas burocr\u00e1ticos aquando a candidatura o CAFAP da ADCL n\u00e3o contempla a modalidade Reunifica\u00e7\u00e3o Familiar que prev\u00ea o regresso da crian\u00e7a a casa depois de retirada aos pais. Por sua vez, esta \u00e9 uma modalidade muito importante \u201cque complementa a casa de acolhimento do Centro Juvenil\u201d. \u201cPorque assim conseguimos trabalhar com as fam\u00edlias dos jovens que est\u00e3o acolhidos na institui\u00e7\u00e3o com vista ao retorno a casa\u201d, salienta diretor executivo do CJSJ, Tiago Borges.<\/p>\n<p>As outras duas modalidades, que ambas as entidades contemplam, s\u00e3o: a Preserva\u00e7\u00e3o Familiar que previne a retirada da crian\u00e7a ou jovem do seu meio natural de vida e o Ponto de Encontro Familiar que, segundo a descri\u00e7\u00e3o do pr\u00f3prio servi\u00e7o, \u201cfunciona como um espa\u00e7o neutro e id\u00f3neo que visa a manuten\u00e7\u00e3o ou o restabelecimento dos v\u00ednculos familiares nos casos de interrup\u00e7\u00e3o grave da conviv\u00eancia familiar, designadamente em situa\u00e7\u00f5es de conflito parental e de separa\u00e7\u00e3o conjugal\u201d.<\/p>\n<p>Cada um dos CAFAPs tem uma equipa de interven\u00e7\u00e3o composta por uma assistente social, uma psic\u00f3loga, uma educadora social e uma mediadora familiar. Esta resposta social criada pelo Instituto da Seguran\u00e7a Social, I.P. encontrou nestas duas institui\u00e7\u00f5es vimaranenses o acolhimento que precisava para dar resposta ao concelho de Guimar\u00e3es. \u201cDesde dezembro de 2018 quando abrimos portas e em quatro meses de atividade [entrevista realizada em abril] j\u00e1 temos em acompanhamento 52 fam\u00edlias que tenham a cargo crian\u00e7as e jovens em risco psicossocial\u201d, revela a coordenadora t\u00e9cnica e assistente social do CAFAP do CJSJ, Carla Oliveira. \u201cNeste momento temos 50 fam\u00edlias desde dezembro, umas v\u00e3o entrando outras v\u00e3o saindo\u201d, informa a coordenadora t\u00e9cnica do CAFAP da ADCL, Elisabete Ribeiro.<\/p>\n<p>Embora, estes Centros de Apoio Familiar e Aconselhamento Parental tenham poucos meses de atividade, tamb\u00e9m a ADCL assume um balan\u00e7o positivo do funcionamento do CAFAP como prova de que faltava uma resposta social com estes contornos. \u201cAinda \u00e9 muito recente, s\u00e3o poucos meses, mas rapidamente verific\u00e1mos que em Guimar\u00e3es realmente existem muitas fam\u00edlias em situa\u00e7\u00e3o de conflito ou na quest\u00e3o das compet\u00eancias parentais a precisar de interven\u00e7\u00e3o porque nunca esperamos ter tanta gente em Ponto de Encontro Familiar como o que temos tido. Havia realmente uma necessidade desta resposta\u201d, sublinha Elisabete Ribeiro.<\/p>\n<h4>Enquadramento do CAFAP no \u00e2mbito das medidas da Lei de Prote\u00e7\u00e3o de Crian\u00e7as e Jovens em Perigo<\/h4>\n<p>O Centro Juvenil de S. Jos\u00e9 \u00e9 uma entidade com 104 anos sempre dedicada ao acolhimento de jovens em situa\u00e7\u00e3o de perigo e sempre se focou muito na interven\u00e7\u00e3o direta com a crian\u00e7a ou jovem. Mas o diretor executivo do CJSJ, Tiago Borges, em entrevista ao F\u00f3rum Municipal, assume que, embora \u201ca fam\u00edlia nunca seja posta de parte\u201d, esta resposta social veio complementar o trabalho desenvolvido por esta entidade.<\/p>\n<p>O Centro Juvenil acolhe jovens de todo o pa\u00eds e sentia que estava a \u201cfalhar\u201d com as fam\u00edlias pela falta de proximidade e identificaram a necessidade de uma resposta para inverter esta situa\u00e7\u00e3o. Encontramos o CAFAP que estava devidamente regulamentado, que j\u00e1 estava estruturado, tinha um modelo de funcionamento e em 2016 come\u00e7amos o projeto de candidatura\u201d, explica.<\/p>\n<p>A Coordenadora T\u00e9cnica e Assistente Social do CAFAP do CJSJ, Carla Oliveira, avan\u00e7a que muitos dos casos que acompanham s\u00e3o encaminhados por parte das escolas. \u201cPor quest\u00f5es associadas ao absentismo escolar, \u00e0 falta de supervis\u00e3o parental, \u00e0 falta de compet\u00eancias a n\u00edvel dom\u00e9stico, por exemplo, os mi\u00fados n\u00e3o levarem lanche para a escola, n\u00e3o terem os livros escolares, existirem dificuldades de vis\u00e3o e os pais nem os \u00f3culos v\u00e3o buscar mesmo estando pagos\u201d, enumera.<\/p>\n<p>Embora as pr\u00f3prias fam\u00edlias possam dirigir-se ao CAFAP para conhecer os servi\u00e7os e expor as respetivas situa\u00e7\u00f5es e problemas, a coordenadora t\u00e9cnica e assistente social do CAFAP da ADCL, Elisabete Ribeiro, diz que \u201cnormalmente a fam\u00edlia n\u00e3o tem esta consci\u00eancia de que precisa de ajuda\u201d. \u201cEm alguns casos as fam\u00edlias chegam ao CAFAP um bocadinho reativas, n\u00e3o percebem porque s\u00e3o chamados, tamb\u00e9m \u00e9 um trabalho que temos que fazer, sensibiliz\u00e1-los para a import\u00e2ncia das compet\u00eancias parentais tamb\u00e9m serem trabalhadas\u201d, conclui.<\/p>\n<p>Mas Carla Oliveira do CAFAP do CJSJ real\u00e7a que o trabalho realizado junto da fam\u00edlia \u00e9 \u201csempre num contexto de colabora\u00e7\u00e3o\u201d. \u201cOu seja, n\u00e3o vamos impor nada \u00e0 fam\u00edlia, \u00e9 mais numa perspetiva de aconselhamento e de mudan\u00e7a positiva da fam\u00edlia\u201d, refere a assistente social.<\/p>\n<p>\u201cN\u00f3s n\u00e3o somos a Comiss\u00e3o [de Prote\u00e7\u00e3o de Crian\u00e7as e Jovens], n\u00f3s n\u00e3o somos o Tribunal de Fam\u00edlia e Menores, n\u00f3s complement\u00e1mos em certa parte a interven\u00e7\u00e3o que \u00e9 feita, mas tamb\u00e9m podemos intervir em processos que n\u00e3o tenham este acompanhamento\u201d, esclarece Tiago Borges do CJSJ.<\/p>\n<p>O diretor executivo explicou o enquadramento destes Centros de Apoio Familiar e Aconselhamento Parental (CAFAP) no \u00e2mbito das medidas da Lei de Prote\u00e7\u00e3o de Crian\u00e7as e Jovens em Perigo. \u201cA grande parte dessas medidas s\u00e3o junto do meio natural de vida, desde logo o apoio junto dos pais, junto de outro familiar, apoio junto de pessoa id\u00f3nea e depois tem um pequeno leque de medidas de coloca\u00e7\u00e3o \u2013 fam\u00edlias de acolhimento, casas de acolhimento e ado\u00e7\u00e3o\u201d, come\u00e7a por enumerar.<\/p>\n<p>Ou seja, antes do jovem ser retirado do meio natural de vida s\u00e3o tentadas todas as outras alternativas junto do meio natural. \u201cS\u00f3 em \u00faltima inst\u00e2ncia, s\u00f3 quando os acordos junto da fam\u00edlia s\u00e3o quebrados ou incumpridos \u00e9 que se aplica uma medida mais severa\u201d, explica.<\/p>\n<p>Tiago Borges defende este modelo de trabalho \u201cporque uma separa\u00e7\u00e3o \u00e9 sempre uma separa\u00e7\u00e3o e tem sempre impacto junto destas crian\u00e7as e destas fam\u00edlias\u201d. \u201cMuitas das vezes os jovens sentem-se penalizados e castigados ao serem retirados de casa quando na verdade muitas das vezes a culpa n\u00e3o \u00e9 deles\u201d, admite o diretor executivo do CJSJ.<\/p>\n<p>A esta institui\u00e7\u00e3o, mais conhecida por Oficinas de S. Jos\u00e9, chegam \u201cos fins de linha\u201d, ou seja, os casos em que j\u00e1 foram tentadas todas as outras alternativas ao longo de v\u00e1rios anos. \u201cPor isso \u00e9 que justifica a entrada tardia na nossa casa de acolhimento. A nossa m\u00e9dia de idades, neste momento ronda os 16, 17 anos\u201d, conclui Tiago Borges.<\/p>\n<p>&nbsp;<\/p>\n<h4>Quais as atividades desenvolvidas no CAFAP?<\/h4>\n<p>Acompanhamento Psicossocial<br \/>\nAcompanhamento Domicili\u00e1rio<br \/>\nIntegra\u00e7\u00e3o da fam\u00edlia em redes de apoio social<br \/>\nCapacita\u00e7\u00e3o Pessoal e Social<br \/>\nA\u00e7\u00f5es de Sensibiliza\u00e7\u00e3o<br \/>\nTreino de Compet\u00eancias (pais &#8211; filhos)<br \/>\nA\u00e7\u00f5es de forma\u00e7\u00e3o parental (individual ou em grupo)<br \/>\nGrupos de Auto-Ajuda<br \/>\nParticipa\u00e7\u00e3o em atividades de forma\u00e7\u00e3o, culturais e de lazer<br \/>\nTerapia Familiar<br \/>\nMedia\u00e7\u00e3o dos conflitos familiares<br \/>\nEncontros Familiares<br \/>\nSupervisionamento em Regime de Visitas (RGPTC)<\/p>\n<h4><\/h4>\n<h4>Contactos:<\/h4>\n<p><strong>CJSJ \u2013 Centro Juvenil S. Jos\u00e9<\/strong><br \/>\nRua D. Domingos da Silva Gon\u00e7alves, 4810-439 | Guimar\u00e3es<br \/>\nTelefone: 253 416 316<br \/>\nEmail: cafap@cjsj.pt<\/p>\n<p><strong>ADCL \u2013 Associa\u00e7\u00e3o para o Desenvolvimento das Comunidades Locais<\/strong><br \/>\nLoteamento de Santo Andr\u00e9, Fra\u00e7\u00e3o C, 4835-103 Creixomil | Guimar\u00e3es<br \/>\nTelefone: 253 408 533<br \/>\nEmail: cafap@adcl.org.pt<\/p>\n","protected":false},"excerpt":{"rendered":"<p>O Centro Juvenil S. Jos\u00e9 (CJSJ) e a Associa\u00e7\u00e3o para o Desenvolvimento das Comunidades Locais (ADCL) t\u00eam, desde o \u00faltimo trimestre do ano passado, um servi\u00e7o de apoio especializado \u00e0s fam\u00edlias com crian\u00e7as e jovens, vocacionado para a preven\u00e7\u00e3o e repara\u00e7\u00e3o de situa\u00e7\u00f5es de risco psicossocial mediante o desenvolvimento de compet\u00eancias parentais, pessoais e sociais [&hellip;]<\/p>\n","protected":false},"author":2,"featured_media":537,"comment_status":"open","ping_status":"open","sticky":false,"template":"","format":"standard","meta":{"_monsterinsights_skip_tracking":false,"_monsterinsights_sitenote_active":false,"_monsterinsights_sitenote_note":"","_monsterinsights_sitenote_category":0,"footnotes":""},"categories":[1],"tags":[],"class_list":["post-535","post","type-post","status-publish","format-standard","has-post-thumbnail","hentry","category-uncategorized"],"_links":{"self":[{"href":"https:\/\/forumdeficiencia.guimaraes.pt\/index.php?rest_route=\/wp\/v2\/posts\/535","targetHints":{"allow":["GET"]}}],"collection":[{"href":"https:\/\/forumdeficiencia.guimaraes.pt\/index.php?rest_route=\/wp\/v2\/posts"}],"about":[{"href":"https:\/\/forumdeficiencia.guimaraes.pt\/index.php?rest_route=\/wp\/v2\/types\/post"}],"author":[{"embeddable":true,"href":"https:\/\/forumdeficiencia.guimaraes.pt\/index.php?rest_route=\/wp\/v2\/users\/2"}],"replies":[{"embeddable":true,"href":"https:\/\/forumdeficiencia.guimaraes.pt\/index.php?rest_route=%2Fwp%2Fv2%2Fcomments&post=535"}],"version-history":[{"count":6,"href":"https:\/\/forumdeficiencia.guimaraes.pt\/index.php?rest_route=\/wp\/v2\/posts\/535\/revisions"}],"predecessor-version":[{"id":544,"href":"https:\/\/forumdeficiencia.guimaraes.pt\/index.php?rest_route=\/wp\/v2\/posts\/535\/revisions\/544"}],"wp:featuredmedia":[{"embeddable":true,"href":"https:\/\/forumdeficiencia.guimaraes.pt\/index.php?rest_route=\/wp\/v2\/media\/537"}],"wp:attachment":[{"href":"https:\/\/forumdeficiencia.guimaraes.pt\/index.php?rest_route=%2Fwp%2Fv2%2Fmedia&parent=535"}],"wp:term":[{"taxonomy":"category","embeddable":true,"href":"https:\/\/forumdeficiencia.guimaraes.pt\/index.php?rest_route=%2Fwp%2Fv2%2Fcategories&post=535"},{"taxonomy":"post_tag","embeddable":true,"href":"https:\/\/forumdeficiencia.guimaraes.pt\/index.php?rest_route=%2Fwp%2Fv2%2Ftags&post=535"}],"curies":[{"name":"wp","href":"https:\/\/api.w.org\/{rel}","templated":true}]}}