{"id":545,"date":"2019-07-15T11:18:04","date_gmt":"2019-07-15T11:18:04","guid":{"rendered":"http:\/\/forumdeficiencia.guimaraes.pt\/?p=545"},"modified":"2019-07-15T11:18:04","modified_gmt":"2019-07-15T11:18:04","slug":"presidente-da-republica-visita-eduardo-jorge-em-casa","status":"publish","type":"post","link":"https:\/\/forumdeficiencia.guimaraes.pt\/?p=545","title":{"rendered":"Presidente da Rep\u00fablica visita Eduardo Jorge em casa"},"content":{"rendered":"<p>Eduardo Jorge, conhecido ativista e defensor da filosofia da Vida Independente, recebeu a 03 de julho, em casa, a visita do presidente da Rep\u00fablica, Marcelo Rebelo de Sousa.<\/p>\n<p><!--more--><br \/>\n\u201cMais uma vez o nosso presidente nos prova ser \u2018o Presidente de todos\u2019 sem exclus\u00e3o. A causa \u2018defici\u00eancia\u2019, e em particular a Vida Independente, agradecem-lhe, visto ter sido a minha\/nossa \u00faltima batalha, cuja \u00faltima a\u00e7\u00e3o ocorreu recentemente, tendo o senhor presidente mostrado a sua solidariedade presenteando-me com a sua presen\u00e7a\u201d, avalia Eduardo Jorge em comunicado ao F\u00f3rum Municipal.<\/p>\n<p>A <a href=\"http:\/\/forumdeficiencia.guimaraes.pt\/?p=269\">&#8220;\u00faltima batalha&#8221;<\/a> a que Eduardo Jorge se refere aconteceu em dezembro do ano passado, junto \u00e0 Assembleia da Rep\u00fablica. O ativista esteve deitado numa cama e fechado dentro de uma gaiola em sinal de protesto, naquilo a chamou, \u201cuma a\u00e7\u00e3o de sensibiliza\u00e7\u00e3o em favor da Vida Independente\u201d. A Secret\u00e1ria de Estado da Inclus\u00e3o das Pessoas com Defici\u00eancia, Ana Sofia Antunes, fez-se acompanhar do Presidente da Rep\u00fablica numa visita a Eduardo Jorge. Nessa ocasi\u00e3o o ativista suspendeu a a\u00e7\u00e3o de protesto mediante a promessa de agiliza\u00e7\u00e3o do processo de implementa\u00e7\u00e3o do Decreto-lei n\u00ba 129\/2017 de 9 de outubro para avan\u00e7ar com o projeto-piloto Modelo de Apoio \u00e0 Vida Independente.<\/p>\n<p>Mas foram j\u00e1 v\u00e1rias as a\u00e7\u00f5es de protesto de Eduardo Jorge, desde 2013, quando avan\u00e7ou com uma greve de fome pelo direito a uma Vida Independente, sendo que agora n\u00e3o se importa de partilhar com o presidente da Rep\u00fablica este momento de viragem na respetiva vida e recebeu Marcelo Rebelo de Sousa de bra\u00e7os abertos.<\/p>\n<p>\u201cQuase quatro anos depois voltei a ter a possibilidade de viver na minha casa, mas desta vez com a dignidade reclamada, como garantida, atrav\u00e9s das regras que regem os rec\u00e9m criados Centros de Apoio \u00e0 Vida Independente (CAVI)\u201d, refere.<\/p>\n<p>&nbsp;<\/p>\n","protected":false},"excerpt":{"rendered":"<p>Eduardo Jorge, conhecido ativista e defensor da filosofia da Vida Independente, recebeu a 03 de julho, em casa, a visita do presidente da Rep\u00fablica, Marcelo Rebelo de Sousa.<\/p>\n","protected":false},"author":2,"featured_media":546,"comment_status":"open","ping_status":"open","sticky":false,"template":"","format":"standard","meta":{"_monsterinsights_skip_tracking":false,"_monsterinsights_sitenote_active":false,"_monsterinsights_sitenote_note":"","_monsterinsights_sitenote_category":0,"footnotes":""},"categories":[1],"tags":[],"class_list":["post-545","post","type-post","status-publish","format-standard","has-post-thumbnail","hentry","category-uncategorized"],"_links":{"self":[{"href":"https:\/\/forumdeficiencia.guimaraes.pt\/index.php?rest_route=\/wp\/v2\/posts\/545","targetHints":{"allow":["GET"]}}],"collection":[{"href":"https:\/\/forumdeficiencia.guimaraes.pt\/index.php?rest_route=\/wp\/v2\/posts"}],"about":[{"href":"https:\/\/forumdeficiencia.guimaraes.pt\/index.php?rest_route=\/wp\/v2\/types\/post"}],"author":[{"embeddable":true,"href":"https:\/\/forumdeficiencia.guimaraes.pt\/index.php?rest_route=\/wp\/v2\/users\/2"}],"replies":[{"embeddable":true,"href":"https:\/\/forumdeficiencia.guimaraes.pt\/index.php?rest_route=%2Fwp%2Fv2%2Fcomments&post=545"}],"version-history":[{"count":1,"href":"https:\/\/forumdeficiencia.guimaraes.pt\/index.php?rest_route=\/wp\/v2\/posts\/545\/revisions"}],"predecessor-version":[{"id":547,"href":"https:\/\/forumdeficiencia.guimaraes.pt\/index.php?rest_route=\/wp\/v2\/posts\/545\/revisions\/547"}],"wp:featuredmedia":[{"embeddable":true,"href":"https:\/\/forumdeficiencia.guimaraes.pt\/index.php?rest_route=\/wp\/v2\/media\/546"}],"wp:attachment":[{"href":"https:\/\/forumdeficiencia.guimaraes.pt\/index.php?rest_route=%2Fwp%2Fv2%2Fmedia&parent=545"}],"wp:term":[{"taxonomy":"category","embeddable":true,"href":"https:\/\/forumdeficiencia.guimaraes.pt\/index.php?rest_route=%2Fwp%2Fv2%2Fcategories&post=545"},{"taxonomy":"post_tag","embeddable":true,"href":"https:\/\/forumdeficiencia.guimaraes.pt\/index.php?rest_route=%2Fwp%2Fv2%2Ftags&post=545"}],"curies":[{"name":"wp","href":"https:\/\/api.w.org\/{rel}","templated":true}]}}