{"id":60,"date":"2018-11-28T13:33:46","date_gmt":"2018-11-28T13:33:46","guid":{"rendered":"http:\/\/forumdeficiencia.guimaraes.pt\/?p=60"},"modified":"2018-11-30T09:29:24","modified_gmt":"2018-11-30T09:29:24","slug":"3-de-dezembro-comemoracoes-do-dia-internacional-das-pessoas-com-deficiencia","status":"publish","type":"post","link":"https:\/\/forumdeficiencia.guimaraes.pt\/?p=60","title":{"rendered":"3 de dezembro: Comemora\u00e7\u00f5es do Dia Internacional das Pessoas com Defici\u00eancia"},"content":{"rendered":"<p>O F\u00f3rum Municipal das Pessoas com Defici\u00eancia promove, desde 2005, um conjunto diversificado de atividades para assinalar o Dia Internacional das Pessoas com Defici\u00eancia. Em 2018 no programa das comemora\u00e7\u00f5es, que come\u00e7am a 26 de novembro e terminam a 10 de dezembro, h\u00e1 espa\u00e7o para a\u00e7\u00f5es de forma\u00e7\u00e3o, de sensibiliza\u00e7\u00e3o e debates. Al\u00e9m do grande espet\u00e1culo no Centro Cultural Vila Flor, ser\u00e1 feita a apresenta\u00e7\u00e3o de um livro e uma demonstra\u00e7\u00e3o de Judo. Est\u00e1 desde j\u00e1 convidado a participar, \u00e9 uma festa de TODOS e para TODOS.<\/p>\n<p><!--more--><\/p>\n<p>&nbsp;<\/p>\n<div id=\"attachment_86\" style=\"width: 801px\" class=\"wp-caption alignnone\"><img loading=\"lazy\" decoding=\"async\" aria-describedby=\"caption-attachment-86\" class=\" wp-image-86\" src=\"http:\/\/forumdeficiencia.guimaraes.pt\/wp-content\/uploads\/2018\/11\/0002.fw_-300x300.png\" alt=\"Programa das comemora\u00e7\u00f5es do Dia Internacional das Pessoas com Defici\u00eancia | 2018\" width=\"791\" height=\"791\" srcset=\"https:\/\/forumdeficiencia.guimaraes.pt\/wp-content\/uploads\/2018\/11\/0002.fw_-300x300.png 300w, https:\/\/forumdeficiencia.guimaraes.pt\/wp-content\/uploads\/2018\/11\/0002.fw_-150x150.png 150w, https:\/\/forumdeficiencia.guimaraes.pt\/wp-content\/uploads\/2018\/11\/0002.fw_-768x768.png 768w, https:\/\/forumdeficiencia.guimaraes.pt\/wp-content\/uploads\/2018\/11\/0002.fw_-1024x1024.png 1024w\" sizes=\"auto, (max-width: 791px) 100vw, 791px\" \/><p id=\"caption-attachment-86\" class=\"wp-caption-text\">Programa das comemora\u00e7\u00f5es do Dia Internacional das Pessoas com Defici\u00eancia | 2018<\/p><\/div>\n<p>Tudo come\u00e7ou, mesmo antes do F\u00f3rum Municipal das Pessoas com Defici\u00eancia se constituir. O Toural era palco de uma prova desportiva organizada por algumas institui\u00e7\u00f5es vimaranenses. Os anos passaram e foram-se somando concursos tem\u00e1ticos e sess\u00f5es de sensibiliza\u00e7\u00e3o dirigidos aos alunos das escolas, exposi\u00e7\u00f5es na Biblioteca Municipal Raul Brand\u00e3o, no Guimar\u00e3es Shopping e no Espa\u00e7o Guimar\u00e3es e, em 2014, foram, inclusivamente, criados spots publicit\u00e1rios alusivos aos direitos das pessoas com defici\u00eancia que passaram nas r\u00e1dios locais.<\/p>\n<p>&nbsp;<\/p>\n<div id=\"attachment_65\" style=\"width: 800px\" class=\"wp-caption aligncenter\"><img loading=\"lazy\" decoding=\"async\" aria-describedby=\"caption-attachment-65\" class=\"wp-image-65\" src=\"http:\/\/forumdeficiencia.guimaraes.pt\/wp-content\/uploads\/2018\/11\/CI_2017.fw_-300x95.png\" alt=\"\" width=\"790\" height=\"250\" srcset=\"https:\/\/forumdeficiencia.guimaraes.pt\/wp-content\/uploads\/2018\/11\/CI_2017.fw_-300x95.png 300w, https:\/\/forumdeficiencia.guimaraes.pt\/wp-content\/uploads\/2018\/11\/CI_2017.fw_-768x242.png 768w, https:\/\/forumdeficiencia.guimaraes.pt\/wp-content\/uploads\/2018\/11\/CI_2017.fw_.png 922w\" sizes=\"auto, (max-width: 790px) 100vw, 790px\" \/><p id=\"caption-attachment-65\" class=\"wp-caption-text\">Espet\u00e1culo de comemora\u00e7\u00e3o do Dia Internacional das Pessoas com Defici\u00eancia | Grande audit\u00f3rio do Centro Cultural de Vila Flor | 2017<span style=\"font-size: 16px;\">\u00a0\u00a0<\/span><\/p><\/div>\n<p>O espet\u00e1culo no Grande Audit\u00f3rio do Centro Cultural de Vila Flor \u00e9 a grande festa da inclus\u00e3o e o culminar de toda esta celebra\u00e7\u00e3o. As escolas e as institui\u00e7\u00f5es, assim como os membros que a t\u00edtulo individual contribuem para enriquecer o programa, assumem este evento art\u00edstico como o ponto de encontro por excel\u00eancia destas comemora\u00e7\u00f5es. \u00c9 um momento de alegria e de partilha em que os participantes, pequenos e gra\u00fados, mostram, em artes diversas, que o palco \u00e9 de TODOS.<\/p>\n<div id=\"attachment_66\" style=\"width: 799px\" class=\"wp-caption aligncenter\"><img loading=\"lazy\" decoding=\"async\" aria-describedby=\"caption-attachment-66\" class=\"wp-image-66\" src=\"http:\/\/forumdeficiencia.guimaraes.pt\/wp-content\/uploads\/2018\/11\/CI_1_2017.fw_-300x95.png\" alt=\"\" width=\"789\" height=\"250\" srcset=\"https:\/\/forumdeficiencia.guimaraes.pt\/wp-content\/uploads\/2018\/11\/CI_1_2017.fw_-300x95.png 300w, https:\/\/forumdeficiencia.guimaraes.pt\/wp-content\/uploads\/2018\/11\/CI_1_2017.fw_-768x242.png 768w, https:\/\/forumdeficiencia.guimaraes.pt\/wp-content\/uploads\/2018\/11\/CI_1_2017.fw_.png 922w\" sizes=\"auto, (max-width: 789px) 100vw, 789px\" \/><p id=\"caption-attachment-66\" class=\"wp-caption-text\">Espet\u00e1culo de comemora\u00e7\u00e3o do Dia Internacional das Pessoas com Defici\u00eancia | Grande audit\u00f3rio do Centro Cultural de Vila Flor | 2017<\/p><\/div>\n<p>Este ano o espet\u00e1culo intitula-se \u201cDiferentes Vozes: Por uma Sociedade Capacitada e Inclusiva para todos!\u201d e realiza-se a 05 de dezembro no grande audit\u00f3rio do Centro Cultural de Vila Flor a partir das 10h00, contando com tradu\u00e7\u00e3o em L\u00edngua Gestual Portuguesa. Apare\u00e7a!<\/p>\n<p>Mas o programa das comemora\u00e7\u00f5es, sob o lema das Na\u00e7\u00f5es Unidas \u201cCapacitar as Pessoas com Defici\u00eancia e Assegurar a Inclus\u00e3o em Igualdade\u201d, come\u00e7a a 26 de novembro com uma forma\u00e7\u00e3o em comunica\u00e7\u00e3o inclusiva dirigida aos elementos do F\u00f3rum Municipal das Pessoas com Defici\u00eancia e s\u00f3 termina a 10 de dezembro com uma aula aberta de Judo nas instala\u00e7\u00f5es da Cercigui (Rua Raul Brand\u00e3o, 195).<\/p>\n<p>Pelo meio h\u00e1 lugar \u00e0 apresenta\u00e7\u00e3o do livro \u201c Avan\u00e7os e Recuos e\u2026\u201d de autoria de Jo\u00e3o Artur, marcada para o dia 03 de dezembro, \u00e0s 15h00 no audit\u00f3rio da Biblioteca Municipal Raul Brand\u00e3o. Ser\u00e3o realizados debates e a\u00e7\u00f5es de sensibiliza\u00e7\u00e3o, de 28 a 30 de novembro, junto da comunidade escolar e algumas crian\u00e7as e jovens com defici\u00eancia vimaranenses v\u00e3o acompanhar a entrada no relvado dos jogadores do Vit\u00f3ria Sport Clube, no jogo frente ao Rio Ave que se realiza no dia 09 de dezembro, com in\u00edcio marcado para as 17h30.<\/p>\n<div id=\"attachment_76\" style=\"width: 800px\" class=\"wp-caption aligncenter\"><img loading=\"lazy\" decoding=\"async\" aria-describedby=\"caption-attachment-76\" class=\" wp-image-76\" src=\"http:\/\/forumdeficiencia.guimaraes.pt\/wp-content\/uploads\/2018\/11\/vitoria_2014-300x103.jpg\" alt=\"Jovens acompanham a entrada no relvado dos jogadores do Vit\u00f3ria Sport Clube | 2014\" width=\"790\" height=\"271\" srcset=\"https:\/\/forumdeficiencia.guimaraes.pt\/wp-content\/uploads\/2018\/11\/vitoria_2014-300x103.jpg 300w, https:\/\/forumdeficiencia.guimaraes.pt\/wp-content\/uploads\/2018\/11\/vitoria_2014-768x263.jpg 768w, https:\/\/forumdeficiencia.guimaraes.pt\/wp-content\/uploads\/2018\/11\/vitoria_2014.jpg 850w\" sizes=\"auto, (max-width: 790px) 100vw, 790px\" \/><p id=\"caption-attachment-76\" class=\"wp-caption-text\">Jovens acompanham a entrada no relvado dos jogadores do Vit\u00f3ria Sport Clube | 2014<\/p><\/div>\n<p>Quase a fechar o programa de comemora\u00e7\u00f5es do Dia Internacional das Pessoas com Defici\u00eancia, no dia 07, a partir das 10h30, realiza-se a 6.\u00aa edi\u00e7\u00e3o da Caminhada Inclusiva. Os interessados em participar devem concentrar-se no Pa\u00e7o dos Duques de Bragan\u00e7a, e a partir da\u00ed percorrerem algumas ruas do Centro Hist\u00f3rico, terminando no largo C\u00f3nego Jos\u00e9 Maria Gomes. \u00c9 a\u00ed que, a partir do edif\u00edcio da C\u00e2mara Municipal de Guimar\u00e3es, \u00e9 lido um Preg\u00e3o e efetuada uma largada de pombos pela Sociedade Columb\u00f3fila de Guimar\u00e3es.<\/p>\n<div id=\"attachment_79\" style=\"width: 799px\" class=\"wp-caption alignnone\"><img loading=\"lazy\" decoding=\"async\" aria-describedby=\"caption-attachment-79\" class=\"wp-image-79\" src=\"http:\/\/forumdeficiencia.guimaraes.pt\/wp-content\/uploads\/2018\/11\/caminha_2016-300x103.jpg\" alt=\"\" width=\"789\" height=\"271\" srcset=\"https:\/\/forumdeficiencia.guimaraes.pt\/wp-content\/uploads\/2018\/11\/caminha_2016-300x103.jpg 300w, https:\/\/forumdeficiencia.guimaraes.pt\/wp-content\/uploads\/2018\/11\/caminha_2016-768x263.jpg 768w, https:\/\/forumdeficiencia.guimaraes.pt\/wp-content\/uploads\/2018\/11\/caminha_2016.jpg 850w\" sizes=\"auto, (max-width: 789px) 100vw, 789px\" \/><p id=\"caption-attachment-79\" class=\"wp-caption-text\">A Caminhada deste ano contar\u00e1 com a participa\u00e7\u00e3o dos atletas Dulce F\u00e9lix e Manuel Mendes e do ex-jogador de futebol, Neno.<\/p><\/div>\n<p>&nbsp;<\/p>\n<p>As comemora\u00e7\u00f5es s\u00e3o mais participadas e t\u00eam sido integrados aspetos inovadores como \u00e9 o caso da leitura do preg\u00e3o, um texto sat\u00edrico em verso que salienta a falta de cumprimento dos direitos das pessoas com defici\u00eancia, inspirado nas Festas Nicolinas que decorrem em simult\u00e2neo. \u201c\u00c9 uma provoca\u00e7\u00e3o para as pessoas. N\u00e3o \u00e9 f\u00e1cil conseguirmos, ao n\u00edvel da mediatiza\u00e7\u00e3o, que a mensagem passe, n\u00e3o conseguimos despertar na comunica\u00e7\u00e3o social essa preocupa\u00e7\u00e3o que n\u00f3s temos\u201d, refere Ant\u00f3nio Cardoso, o mentor desta iniciativa.<\/p>\n<p>&nbsp;<\/p>\n<p>Programa das comemora\u00e7\u00f5es do Dia Internacional das Pessoas com Defici\u00eancia em 2018:<\/p>\n<p><strong>26 de NOVEMBRO<\/strong> | 14h30 \u00e0s 17h30 | Audit\u00f3rio da Fraterna | <strong>Forma\u00e7\u00e3o \u201c Comunica\u00e7\u00e3o (In) Acess\u00edvel ou N\u00e3o? Eis a Quest\u00e3o \u201c<\/strong><\/p>\n<p><strong>28 de NOVEMBRO<\/strong> | 10h00 | Escola EB 2,3 Jo\u00e3o de Meira | <strong>Debate<\/strong><\/p>\n<p><strong>29 de NOVEMBRO<\/strong> | 10h00 | Escola EB 2,3 Fernando T\u00e1vora | <strong>Debate<\/strong><\/p>\n<p><strong>30 de NOVEMBRO<\/strong> | 11h00 | Escola EB 2,3 Aba\u00e7\u00e3o | <strong>Debate<\/strong><\/p>\n<p><strong>03 de DEZEMBRO<\/strong> | 15h00 | audit\u00f3rio da Biblioteca Municipal Raul Brand\u00e3o | <strong>Apresenta\u00e7\u00e3o do livro \u201c Avan\u00e7os e Recuos e\u2026\u201d de autoria de Jo\u00e3o Artur<\/strong><\/p>\n<p><strong>05 de DEZEMBRO<\/strong> | 10h00 | grande audit\u00f3rio do Centro Cultural de Vila Flor | <strong>\u201cDiferentes Vozes: Por uma Sociedade Capacitada e Inclusiva para todos!\u201d<\/strong><br \/>\n*COM TRADU\u00c7\u00c3O EM L\u00cdNGUA GESTUAL<\/p>\n<p><strong>07 de DEZEMBRO<\/strong> | 10h30 | Concentra\u00e7\u00e3o no Pa\u00e7o dos Duques de Bragan\u00e7a | <strong>Caminhada Inclusiva<\/strong><br \/>\n*Trajeto: Pa\u00e7o dos Duques de Bragan\u00e7a, Largo Martins Sarmento, Rua Serpa Pinto, Av. Alberto Sampaio (Muralha), Alameda S\u00e3o D\u00e2maso, Largo do Toural, Rua de Santo Ant\u00f3nio, Largo dos Laranjais e Largo C\u00f3nego Jos\u00e9 Maria Gomes ( Largo da C\u00e2mara)<\/p>\n<p><strong>07 de DEZEMBRO<\/strong> | 12h00 | Largo C\u00f3nego Jos\u00e9 Maria Gomes | <strong>Largada de Pombos e Leitura do Preg\u00e3o<\/strong><\/p>\n<p><strong>09 de DEZEMBRO<\/strong> | 17h30 | Est\u00e1dio D. Afonso Henriques | <strong>Entrada no relvado dos atletas do Vit\u00f3ria acompanhados por jovens <\/strong>da APCG- Associa\u00e7\u00e3o de Paralisia Cerebral de Guimar\u00e3es; Lar Residencial Alecrim\/CAO da Santa Casa da Miseric\u00f3rdia de Guimar\u00e3es; agrupamentos de escolas, Fernando T\u00e1vora e Jo\u00e3o de Meira<br \/>\n*Jogo entre o Vit\u00f3ria Sport Clube e o Rio Ave<\/p>\n<p><strong>10 de DEZEMBRO<\/strong> | 10h00 \u00e0s 12h00 | Cercigui (Rua Raul Brand\u00e3o, 195)| <strong>Aula Aberta de Judo<\/strong><\/p>\n","protected":false},"excerpt":{"rendered":"<p>O F\u00f3rum Municipal das Pessoas com Defici\u00eancia promove, desde 2005, um conjunto diversificado de atividades para assinalar o Dia Internacional das Pessoas com Defici\u00eancia. Em 2018 no programa das comemora\u00e7\u00f5es, que come\u00e7am a 26 de novembro e terminam a 10 de dezembro, h\u00e1 espa\u00e7o para a\u00e7\u00f5es de forma\u00e7\u00e3o, de sensibiliza\u00e7\u00e3o e debates. Al\u00e9m do grande [&hellip;]<\/p>\n","protected":false},"author":2,"featured_media":79,"comment_status":"open","ping_status":"open","sticky":false,"template":"","format":"standard","meta":{"_monsterinsights_skip_tracking":false,"_monsterinsights_sitenote_active":false,"_monsterinsights_sitenote_note":"","_monsterinsights_sitenote_category":0,"footnotes":""},"categories":[3],"tags":[],"class_list":["post-60","post","type-post","status-publish","format-standard","has-post-thumbnail","hentry","category-noticias"],"_links":{"self":[{"href":"https:\/\/forumdeficiencia.guimaraes.pt\/index.php?rest_route=\/wp\/v2\/posts\/60","targetHints":{"allow":["GET"]}}],"collection":[{"href":"https:\/\/forumdeficiencia.guimaraes.pt\/index.php?rest_route=\/wp\/v2\/posts"}],"about":[{"href":"https:\/\/forumdeficiencia.guimaraes.pt\/index.php?rest_route=\/wp\/v2\/types\/post"}],"author":[{"embeddable":true,"href":"https:\/\/forumdeficiencia.guimaraes.pt\/index.php?rest_route=\/wp\/v2\/users\/2"}],"replies":[{"embeddable":true,"href":"https:\/\/forumdeficiencia.guimaraes.pt\/index.php?rest_route=%2Fwp%2Fv2%2Fcomments&post=60"}],"version-history":[{"count":16,"href":"https:\/\/forumdeficiencia.guimaraes.pt\/index.php?rest_route=\/wp\/v2\/posts\/60\/revisions"}],"predecessor-version":[{"id":148,"href":"https:\/\/forumdeficiencia.guimaraes.pt\/index.php?rest_route=\/wp\/v2\/posts\/60\/revisions\/148"}],"wp:featuredmedia":[{"embeddable":true,"href":"https:\/\/forumdeficiencia.guimaraes.pt\/index.php?rest_route=\/wp\/v2\/media\/79"}],"wp:attachment":[{"href":"https:\/\/forumdeficiencia.guimaraes.pt\/index.php?rest_route=%2Fwp%2Fv2%2Fmedia&parent=60"}],"wp:term":[{"taxonomy":"category","embeddable":true,"href":"https:\/\/forumdeficiencia.guimaraes.pt\/index.php?rest_route=%2Fwp%2Fv2%2Fcategories&post=60"},{"taxonomy":"post_tag","embeddable":true,"href":"https:\/\/forumdeficiencia.guimaraes.pt\/index.php?rest_route=%2Fwp%2Fv2%2Ftags&post=60"}],"curies":[{"name":"wp","href":"https:\/\/api.w.org\/{rel}","templated":true}]}}